{"id":1221,"date":"2015-09-04T18:39:57","date_gmt":"2015-09-04T16:39:57","guid":{"rendered":"http:\/\/www.upc.edu\/cau\/blog\/?p=1221"},"modified":"2015-09-08T16:40:23","modified_gmt":"2015-09-08T14:40:23","slug":"5-anos-de-carcel-solidaridad-con-fernando","status":"publish","type":"post","link":"https:\/\/www.upc.edu\/cau\/blog\/?p=1221","title":{"rendered":"5 a\u00f1os de c\u00e1rcel! solidaridad con Fernando"},"content":{"rendered":"<h2><span style=\"color: #ff0000;\">Desconvocada la concentraci\u00f3 a l&#8217;Audi\u00e8ncia Provincial de Barcelona pel dimecres 9 de setembre per anul\u00b7laci\u00f3 del judici.<\/span><\/h2>\n<p>&nbsp;<\/p>\n<p>Desde el CAU-IAC ens solidaritzem i recolzem a Fernando Paniagua , feu difusi\u00f3!<\/p>\n<h2><a title=\"Dimecres dia 9 Setiembre SOLIDARIDAD con FERNANDO 5 a\u00f1os de c\u00e1rcel para los compas de\u00a0Roxanne\" href=\"https:\/\/ftciac.wordpress.com\/2015\/09\/04\/dimecres-dia-9-setiembre-solidaridad-con-fernando-5-anos-de-carcel-para-los-compas-de-roxanne\/\" target=\"_blank\" rel=\"bookmark\">Dimecres dia 9 Setiembre SOLIDARIDAD con FERNANDO 5 a\u00f1os de c\u00e1rcel para los compas de\u00a0Roxanne<\/a><\/h2>\n<p><strong>Hola a todas y a todos,<\/strong><\/p>\n<p><strong>La mayor\u00eda de personas que leais este [email],\u00a0conoceis a Fernando Paniagua, para las que no lo conozcais deciros que entre otras cosas; es socio de Altermercat, del entorno m\u00e1s pr\u00f3ximo\u00a0del CASAL, militante de los mas\u00a0activos de la Xarxa de Econom\u00eda Solidar\u00eda y adem\u00e1s siempre\u00a0un gran\u00a0compa\u00f1ero y excelente\u00a0amigo.<\/strong><\/p>\n<p><strong>Aqui abajo explica sus andanzas y los motivos por los que os pedimos SOLIDARIDAD con Fernando.<\/strong><\/p>\n<p><strong>Se trata de por una parte, de\u00a0que el pr\u00f3ximo miercoles d\u00eda 9 de Septiembre a las 10,15 en la Secci\u00f3n 8\u00aa de la Audiencia Provincial de Barcelona, en el Pg. Llu\u00eds Companys 14-16<\/strong>,<strong>\u00a0nos encontremos para solidarizarnos con Fernando. Estar all\u00ed entre las 10 y las 10:10 de la ma\u00f1ana para\u00a0entrar juntas.<\/strong><\/p>\n<p><strong>Por otra parte, para que les hagais llegar a las personas\u00a0de vuestro entorno.<\/strong><\/p>\n<p><strong>Salut, un fuerte abrazo y nos vemos el miercoles en el Passeig Lluis Companys.<\/strong><\/p>\n<p><strong>ALTERMERCAT y CASAL\u00a0<\/strong><\/p>\n<p>Hola Compas,<\/p>\n<p>Os escribo porque muchos de vosotras\/os conocisteis la cooperativa Demode Producci\u00f3ns Sccl en la que invertimos gran parte de nuestras energias, saberes, cari\u00f1os, etc&#8230;durante unos cuantos a\u00f1itos. En aquella \u00e9poca de sue\u00f1o y experimentaci\u00f3n colectiva conseguimos llegar a gestionar dos locales en el barrio de Gracia, el D\u00e9mod\u00e9 Minibar y el Roxanne Bar-Llibreria. Desgraciadamente el proyecto no funcion\u00f3 econ\u00f3micamente y nos gener\u00f3 grandes dolores de cabeza y coraz\u00f3n.<\/p>\n<p>En concreto el Roxanne sufri\u00f3 una persecucci\u00f3n sistem\u00e1tica por parte de la Guardia Urbana y de un vecino que convencido de su capacidad para cerrar el bar llamaba tres veces por semana a la Guardia Urbana. Como dice el refr\u00e1n: &#8220;Tanto va el cantaro a la fuente&#8230;.&#8221; que un d\u00eda que la actividad del bar estaba a tope con un cumplea\u00f1os, se midieron los decibelios en casa del vecino y al parecer superamos lo permitido, lo cual gener\u00f3 un expediente de precinto del bar. Como bien sabeis nuestra intenci\u00f3n no fue nunca generar actividad molesta sino gestionar un espacio de cultura de pr\u00f3ximidad abierto al barrio y alineado con las necesidades vecinales, nada m\u00e1s opuesto a nuestras intenciones que molestar.<\/p>\n<p>Se empieza as\u00ed una espiral que solo puedo definir como absurdidad burocr\u00e1tica que culmina con el precinto del bar a pesar de que un despacho de ingenier\u00eda se estaba encargando de proponer y ejecutar las mejoras necesarias. Fruto de este proceso se abre un procedimiento judicial por contaminaci\u00f3n acustica y molestias reiteradas que culmina 3 a\u00f1os despu\u00e9s con una petici\u00f3n fiscal de 5 a\u00f1os de carcel para los socios de la cooperativa. Un jucio que llega tres a\u00f1os despues de haber cerrado el bar y realizado las obras necesar\u00edas para su reapertura, encontrandose el bar a dia de hoy con todos los permisos en regla pero cerrado ya que no se consigue traspasar.<\/p>\n<p>En\u00a0 estos tres a\u00f1os los vecinos se han retirado de la causa, renunciando a cualquier indemnizaci\u00f3n y prosiguiendo con el caso Guardia Urbana y fiscalia de oficio. Es por esto que consideramos que la desproporci\u00f3n de la pena solicitada tiene que ver con el car\u00e1cter cr\u00edtico-cooperativo del proyecto y de algunas de las actividades all\u00ed realizadas: reuniones del grupo de Econom\u00eda de la Asamblea de la Vila de Gracia, del Grupo de Sanidad del 15 M, la Cooperativa de Consumo Agroecol\u00f3gico Las Verduras de Roxanne, reuniones de Espai en Blanc, Gracia Barrio Cooperativo, y un sin fin de charlas, presentaciones de libros, etc. as\u00ed como por las trayectorias personales de cr\u00edtica y confrontaci\u00f3n con los poderosos que tan poco gustan a la mayor\u00eda de\u00a0fiscales, jueces y policias.<\/p>\n<p>El <b>jucio se celebra el pr\u00f3ximo miercoles d\u00eda 9 de Septiembre a las 10,15 en la Secci\u00f3n 8\u00aa de la Audiencia Provincial de Barcelona, en el Pg. Llu\u00eds Companys 14-16<\/b>, todo apoyo y presencia ser\u00e1n de agradecer, no sabemos hacer las cosas de otra forma, nuestros proyectos siempre han sido colectivos y ahora necesitamos la ayuda de nuestro entorno m\u00e1s cercano para superar este dif\u00edcil momento y salir absueltos de esta barbaridad con la que pretenden truncar nuestras vidas.<\/p>\n<p>\u00a1\u00a1\u00a15 a\u00f1os por cooperar!!!<\/p>\n<p>Muchas gracias por apoyar y difundir.<\/p>\n<p>Salud y alegr\u00eda.<\/p>\n<p>Fernando.<\/p>\n<p>&nbsp;<\/p>\n","protected":false},"excerpt":{"rendered":"<p>Desconvocada la concentraci\u00f3 a l&#8217;Audi\u00e8ncia Provincial de Barcelona pel dimecres 9 de setembre per anul\u00b7laci\u00f3 del judici. &nbsp; Desde el CAU-IAC ens solidaritzem i recolzem a Fernando Paniagua , feu difusi\u00f3! Dimecres dia 9 Setiembre SOLIDARIDAD con FERNANDO 5 a\u00f1os de c\u00e1rcel para los compas de\u00a0Roxanne Hola a todas y a todos, La mayor\u00eda de [&hellip;]<\/p>\n","protected":false},"author":5,"featured_media":0,"comment_status":"closed","ping_status":"open","sticky":false,"template":"","format":"standard","meta":{"_s2mail":"yes"},"categories":[24,19,7],"tags":[22,36,23,33],"_links":{"self":[{"href":"https:\/\/www.upc.edu\/cau\/blog\/index.php?rest_route=\/wp\/v2\/posts\/1221"}],"collection":[{"href":"https:\/\/www.upc.edu\/cau\/blog\/index.php?rest_route=\/wp\/v2\/posts"}],"about":[{"href":"https:\/\/www.upc.edu\/cau\/blog\/index.php?rest_route=\/wp\/v2\/types\/post"}],"author":[{"embeddable":true,"href":"https:\/\/www.upc.edu\/cau\/blog\/index.php?rest_route=\/wp\/v2\/users\/5"}],"replies":[{"embeddable":true,"href":"https:\/\/www.upc.edu\/cau\/blog\/index.php?rest_route=%2Fwp%2Fv2%2Fcomments&post=1221"}],"version-history":[{"count":4,"href":"https:\/\/www.upc.edu\/cau\/blog\/index.php?rest_route=\/wp\/v2\/posts\/1221\/revisions"}],"predecessor-version":[{"id":1225,"href":"https:\/\/www.upc.edu\/cau\/blog\/index.php?rest_route=\/wp\/v2\/posts\/1221\/revisions\/1225"}],"wp:attachment":[{"href":"https:\/\/www.upc.edu\/cau\/blog\/index.php?rest_route=%2Fwp%2Fv2%2Fmedia&parent=1221"}],"wp:term":[{"taxonomy":"category","embeddable":true,"href":"https:\/\/www.upc.edu\/cau\/blog\/index.php?rest_route=%2Fwp%2Fv2%2Fcategories&post=1221"},{"taxonomy":"post_tag","embeddable":true,"href":"https:\/\/www.upc.edu\/cau\/blog\/index.php?rest_route=%2Fwp%2Fv2%2Ftags&post=1221"}],"curies":[{"name":"wp","href":"https:\/\/api.w.org\/{rel}","templated":true}]}}