{"id":1357,"date":"2015-11-24T11:07:09","date_gmt":"2015-11-24T09:07:09","guid":{"rendered":"http:\/\/www.upc.edu\/cau\/blog\/?p=1357"},"modified":"2015-11-24T19:55:35","modified_gmt":"2015-11-24T17:55:35","slug":"iac-tancada-a-treball-de-delegats-sindicals","status":"publish","type":"post","link":"https:\/\/www.upc.edu\/cau\/blog\/?p=1357","title":{"rendered":"IAC &#8211; Tancada a Treball de delegats Sindicals"},"content":{"rendered":"<h2><a href=\"http:\/\/www.upc.edu\/cau\/blog\/wp-content\/uploads\/2015\/11\/logoIAC.jpg\"><img loading=\"lazy\" class=\"aligncenter size-medium wp-image-1359\" src=\"http:\/\/www.upc.edu\/cau\/blog\/wp-content\/uploads\/2015\/11\/logoIAC-300x175.jpg\" alt=\"logoIAC\" width=\"300\" height=\"175\" srcset=\"https:\/\/www.upc.edu\/cau\/blog\/wp-content\/uploads\/2015\/11\/logoIAC-300x175.jpg 300w, https:\/\/www.upc.edu\/cau\/blog\/wp-content\/uploads\/2015\/11\/logoIAC-624x365.jpg 624w, https:\/\/www.upc.edu\/cau\/blog\/wp-content\/uploads\/2015\/11\/logoIAC.jpg 959w\" sizes=\"(max-width: 300px) 100vw, 300px\" \/><\/a><br \/>\nComunicat de premsa INTERSINDICAL ALTERNATIVA DE CATALUNYA<\/h2>\n<h2>M\u00c9S DE 200 DELEGADES I DELEGATS SINDICALS DE L&#8217;ADMINISTRACI\u00d3 DE LA GENERALITAT ES TANQUEN EN\u00a0DEFENSA DELS SEUS DRETS<\/h2>\n<p>Davant la negativa del Govern de la Generalitat de negociar el retorn dels drets dels empleats<br \/>\np\u00fablics, especialment del retorn de la part de la paga extra del 2012 i de la restituci\u00f3 dels dies<br \/>\nde perm\u00eds per antiguitat (que ja gaudeixen la resta d&#8217;empleats p\u00fablics de totes les administracions\u00a0catalanes), m\u00e9s de 200 delegades i delegats sindicals han iniciat un tancament en diversos centres\u00a0de treball de la Generalitat.<\/p>\n<p>Els membres de la Mesa general estan reun\u00edts permanentment en el departament d&#8217;Empresa i Ocupaci\u00f3\u00a0del carrer Sep\u00falveda a l&#8217;espera d&#8217;una proposta del Govern.<\/p>\n<p>Aix\u00ed mateix les delegades i delegats de Barcelona s&#8217;han tancat a Funci\u00f3 P\u00fablica (c\/ Rivadeneyra),<br \/>\nal Consorci d&#8217;Educaci\u00f3 (pl. Urquinaona) i a l&#8217;ICS (Gran Via\/Balmes). A Girona els delegats i<br \/>\ndelegades estan tancat-se a l&#8217;edifici de Santa Caterina, i a Lleida i Tarragona a la delegaci\u00f3 del<br \/>\nGovern.<br \/>\nDem\u00e0, dimarts est\u00e0 previst reclamar davant del Govern, a la seva reuni\u00f3 setmanal, a les 12 del<br \/>\nmigdia a la pla\u00e7a Sant Jaume.<\/p>\n<p>Barcelona, 23 novembre 2015<br \/>\nContacte<br \/>\nLuis Blanco 616 440 730<br \/>\nJes\u00fas Fr\u00edas 617 554 277<br \/>\nMelina Rodr\u00edguez 628 266 762<\/p>\n<p><iframe loading=\"lazy\" width=\"625\" height=\"352\" src=\"https:\/\/www.youtube.com\/embed\/kRzQus4Iavc?feature=oembed\" frameborder=\"0\" allowfullscreen><\/iframe><\/p>\n","protected":false},"excerpt":{"rendered":"<p>Comunicat de premsa INTERSINDICAL ALTERNATIVA DE CATALUNYA M\u00c9S DE 200 DELEGADES I DELEGATS SINDICALS DE L&#8217;ADMINISTRACI\u00d3 DE LA GENERALITAT ES TANQUEN EN\u00a0DEFENSA DELS SEUS DRETS Davant la negativa del Govern de la Generalitat de negociar el retorn dels drets dels empleats p\u00fablics, especialment del retorn de la part de la paga extra del 2012 i [&hellip;]<\/p>\n","protected":false},"author":5,"featured_media":0,"comment_status":"closed","ping_status":"open","sticky":false,"template":"","format":"standard","meta":{"_s2mail":"yes"},"categories":[26,19,7,25],"tags":[22,36,23,33,21],"_links":{"self":[{"href":"https:\/\/www.upc.edu\/cau\/blog\/index.php?rest_route=\/wp\/v2\/posts\/1357"}],"collection":[{"href":"https:\/\/www.upc.edu\/cau\/blog\/index.php?rest_route=\/wp\/v2\/posts"}],"about":[{"href":"https:\/\/www.upc.edu\/cau\/blog\/index.php?rest_route=\/wp\/v2\/types\/post"}],"author":[{"embeddable":true,"href":"https:\/\/www.upc.edu\/cau\/blog\/index.php?rest_route=\/wp\/v2\/users\/5"}],"replies":[{"embeddable":true,"href":"https:\/\/www.upc.edu\/cau\/blog\/index.php?rest_route=%2Fwp%2Fv2%2Fcomments&post=1357"}],"version-history":[{"count":3,"href":"https:\/\/www.upc.edu\/cau\/blog\/index.php?rest_route=\/wp\/v2\/posts\/1357\/revisions"}],"predecessor-version":[{"id":1362,"href":"https:\/\/www.upc.edu\/cau\/blog\/index.php?rest_route=\/wp\/v2\/posts\/1357\/revisions\/1362"}],"wp:attachment":[{"href":"https:\/\/www.upc.edu\/cau\/blog\/index.php?rest_route=%2Fwp%2Fv2%2Fmedia&parent=1357"}],"wp:term":[{"taxonomy":"category","embeddable":true,"href":"https:\/\/www.upc.edu\/cau\/blog\/index.php?rest_route=%2Fwp%2Fv2%2Fcategories&post=1357"},{"taxonomy":"post_tag","embeddable":true,"href":"https:\/\/www.upc.edu\/cau\/blog\/index.php?rest_route=%2Fwp%2Fv2%2Ftags&post=1357"}],"curies":[{"name":"wp","href":"https:\/\/api.w.org\/{rel}","templated":true}]}}