{"id":1588,"date":"2016-07-15T16:08:22","date_gmt":"2016-07-15T14:08:22","guid":{"rendered":"http:\/\/www.upc.edu\/cau\/blog\/?p=1588"},"modified":"2016-07-18T15:17:39","modified_gmt":"2016-07-18T13:17:39","slug":"koki-gassiot-un-dels-27-i-mes-com-tots-nosaltres","status":"publish","type":"post","link":"https:\/\/www.upc.edu\/cau\/blog\/?p=1588","title":{"rendered":"Koki Gassiot un dels 27 i m\u00e9s, com tots nosaltres\u2026"},"content":{"rendered":"<p>Benvolgudes companyes i companys,<\/p>\n<p style=\"text-align: justify;\">Des de el 17 d&#8217;abril fins el 17 de maig de 2013, un col\u00b7lectiu de persones pertanyents a la comunitat universit\u00e0ria, es van tancar, de forma espont\u00e0nia, al Rectorat de la Universitat Aut\u00f2noma de Barcelona, per tal de demanar l\u2019acompliment de les resolucions aprovades al Claustre del 21 i 22 de Mar\u00e7 del mateix any, que feien refer\u00e8ncia a la defensa de la universitat p\u00fablica, a la defensa contra les retallades, increments abusius dels preus de matr\u00edcula, etc.<\/p>\n<p style=\"text-align: justify;\"><a href=\"http:\/\/www.upc.edu\/cau\/blog\/wp-content\/uploads\/2016\/07\/cau27-1.jpg\"><img loading=\"lazy\" class=\"size-full wp-image-1594 alignleft\" src=\"http:\/\/www.upc.edu\/cau\/blog\/wp-content\/uploads\/2016\/07\/cau27-1.jpg\" alt=\"cau27-1\" width=\"255\" height=\"208\" \/><\/a>A partir del dia 19 d&#8217;abril, la PUP (Plataforma per la Universitat P\u00fablica, formada per sindicats d\u2019estudiants, personal d&#8217;administraci\u00f3 i serveis (PAS) i personal docent i investigador), juntament amb tots els organismes unitaris, va decidir donar suport a la tancada per reivindicar l&#8217;acompliment de les esmentades resolucions del Claustre. Aquest suport es va manifestar amb un seguit d\u2019actes, un dels quals va ser la convocat\u00f2ria d\u2019una roda de premsa davant la porta del rectorat el dia 22 d&#8217;abril, en la qual el nostre company <strong>Jordi (Koki) Gassiot i Pintori\u00a0<\/strong>va intervenir (de forma consensuada amb el sindicats, la Junta i el Comit\u00e8) com a representant del PAS.<\/p>\n<p style=\"text-align: justify;\"><a href=\"http:\/\/www.upc.edu\/cau\/blog\/wp-content\/uploads\/2016\/07\/cau-27-2.jpg\"><img loading=\"lazy\" class=\"size-full wp-image-1595 alignright\" src=\"http:\/\/www.upc.edu\/cau\/blog\/wp-content\/uploads\/2016\/07\/cau-27-2.jpg\" alt=\"cau-27-2\" width=\"126\" height=\"136\" \/><\/a>\u00c9s \u00fanicament a resultes de la seva participaci\u00f3 en aquesta roda de premsa que en <strong>Koki Gassiot<\/strong> ha estat imputat en la causa que l\u2019antic Equip de Govern de la UAB va impulsar contra vint-i-set membres de la comunitat universit\u00e0ria. El passat 05 de juliol vam tenir not\u00edcia que fiscalia feia efectiva la petici\u00f3 d&#8217;onze anys i cinc mesos de pres\u00f3 pel &#8220;delicte&#8221; de participar en l\u2019esmentada roda de premsa.<\/p>\n<p style=\"text-align: justify;\">Aquest desprop\u00f2sit resulta m\u00e9s esperp\u00e8ntic encara quan l\u2019acusaci\u00f3 del fiscal arriba a sumar m\u00e9s de 325 anys de pres\u00f3 per a les vint-i-set persones encausades en l\u2019entorn d\u2019unes mobilitzacions pac\u00edfiques en defensa de la universitat p\u00fablica. Unes acusacions a hores d\u2019ara nom\u00e9s imaginables en casos de terrorisme o viol\u00e8ncia extrema. Assistim, doncs, a un judici pol\u00edtic, al m\u00e9s pur estil dels oblidats <em>Tribunales de Orden P\u00fablico<\/em>, bastit des de les clavegueres universit\u00e0ries, amb el suport de la pitjor versi\u00f3 de la just\u00edcia repressiva. L\u2019objectiu d\u2019aquest muntatge dissenyat per l\u2019antic Equip de Govern de la UAB, \u00e9s la destrucci\u00f3 personal, pol\u00edtica i organitzativa de totes aquelles persones que, des de la leg\u00edtima oposici\u00f3, s\u2019han manifestat en forma cr\u00edtica i s\u2019han posicionat en contra d\u2019unes pol\u00edtiques de conniv\u00e8ncia i aplicaci\u00f3 de les retallades neoliberals.<\/p>\n<p style=\"text-align: justify;\"><a href=\"http:\/\/www.upc.edu\/cau\/blog\/wp-content\/uploads\/2016\/07\/som27.jpg\"><img loading=\"lazy\" class=\"size-full wp-image-1596 alignleft\" src=\"http:\/\/www.upc.edu\/cau\/blog\/wp-content\/uploads\/2016\/07\/som27.jpg\" alt=\"som27\" width=\"204\" height=\"173\" \/><\/a>\u00a0Aquesta contund\u00e8ncia radical amb la que han emprat totes les eines disponibles per apaivagar qualsevol discrep\u00e0ncia \u00e9s, sens dubte, fruit de la seva manca de legitimitat democr\u00e0tica davant el poc suport rebut en el proc\u00e9s electoral, en el qual la majoria dels electors van optar per opcions diferents. L\u2019equip de l\u2019exrector Ferran Sancho, incapa\u00e7 de conv\u00e8ncer la majoria de la comunitat universit\u00e0ria de les seves propostes classistes, ha hagut de rec\u00f3rrer a la falsedat, l\u2019engany i la construcci\u00f3 d\u2019un muntatge judicial estramb\u00f2tic per a destruir la leg\u00edtima oposici\u00f3, duent-ho, tot plegat, fins a l\u2019extrem de no tenir escr\u00fapols a destruir vint-i-set (i m\u00e9s) futurs i carreres professionals i personals. Aquest proc\u00e9s \u00e9s una venjan\u00e7a pol\u00edtica, evidenciada en el fet que l\u2019actual Equip de Govern de la UAB ha decidit retirar-se del procediment i no formular acusaci\u00f3 contra cap de les persones investigades. Tot i aix\u00ed, la causa, ja a mans de fiscalia, continua endavant, empentada per la m\u00e0 negra dels poders f\u00e0ctics m\u00e9s retr\u00f2grads de l&#8217;acad\u00e8mia.<\/p>\n<p style=\"text-align: justify;\">\u00c9s per aix\u00f2 que demanem a totes les persones de la comunitat universit\u00e0ria de la UAB, de totes les universitats, i de totes aquelles que creuen en la defensa de la universitat p\u00fablica, que expressin la seva solidaritat amb totes les persones encausades, i que demanin fermament l\u2019arxivament de la causa.<\/p>\n<p style=\"text-align: justify;\">Recordem que l&#8217;any 2013 Koki Gassiot era membre del Comit\u00e8 d&#8217;Empresa del PAS de la UAB (pels CAU-IAC) i que actualment forma part de la Coordinadora Nacional Confederal de la IAC i de la seva Permanent. Entenem, doncs, que aquest muntatge judicial \u00e9s un atac directe al nostre sindicat, a la IAC, als drets sindicals i als mateixos drets de ciutadania que van m\u00e9s enll\u00e0 de les 27 persones encausades: dret a la llibertat d&#8217;expressi\u00f3, de manifestaci\u00f3, d&#8217;organitzaci\u00f3 sindical, etc. Per aix\u00f2 tots som els 27 i tots som m\u00e9s.<\/p>\n<p>Us anirem informant de tots els actes i convocat\u00f2ries relacionades.<\/p>\n<p>Cordialment,<\/p>\n<p>Col\u00b7lectius Assemblearis d&#8217;Universitat &#8211; Intersindical Alternativa de Catalunya (CAU-IAC)<\/p>\n<p>Secci\u00f3 sindical de la UAB<\/p>\n","protected":false},"excerpt":{"rendered":"<p>Benvolgudes companyes i companys, Des de el 17 d&#8217;abril fins el 17 de maig de 2013, un col\u00b7lectiu de persones pertanyents a la comunitat universit\u00e0ria, es van tancar, de forma espont\u00e0nia, al Rectorat de la Universitat Aut\u00f2noma de Barcelona, per tal de demanar l\u2019acompliment de les resolucions aprovades al Claustre del 21 i 22 de [&hellip;]<\/p>\n","protected":false},"author":5,"featured_media":0,"comment_status":"closed","ping_status":"open","sticky":false,"template":"","format":"standard","meta":{"_s2mail":"yes"},"categories":[24,19,7,25,5],"tags":[29,38,22,36,23,33,21,35],"_links":{"self":[{"href":"https:\/\/www.upc.edu\/cau\/blog\/index.php?rest_route=\/wp\/v2\/posts\/1588"}],"collection":[{"href":"https:\/\/www.upc.edu\/cau\/blog\/index.php?rest_route=\/wp\/v2\/posts"}],"about":[{"href":"https:\/\/www.upc.edu\/cau\/blog\/index.php?rest_route=\/wp\/v2\/types\/post"}],"author":[{"embeddable":true,"href":"https:\/\/www.upc.edu\/cau\/blog\/index.php?rest_route=\/wp\/v2\/users\/5"}],"replies":[{"embeddable":true,"href":"https:\/\/www.upc.edu\/cau\/blog\/index.php?rest_route=%2Fwp%2Fv2%2Fcomments&post=1588"}],"version-history":[{"count":8,"href":"https:\/\/www.upc.edu\/cau\/blog\/index.php?rest_route=\/wp\/v2\/posts\/1588\/revisions"}],"predecessor-version":[{"id":1599,"href":"https:\/\/www.upc.edu\/cau\/blog\/index.php?rest_route=\/wp\/v2\/posts\/1588\/revisions\/1599"}],"wp:attachment":[{"href":"https:\/\/www.upc.edu\/cau\/blog\/index.php?rest_route=%2Fwp%2Fv2%2Fmedia&parent=1588"}],"wp:term":[{"taxonomy":"category","embeddable":true,"href":"https:\/\/www.upc.edu\/cau\/blog\/index.php?rest_route=%2Fwp%2Fv2%2Fcategories&post=1588"},{"taxonomy":"post_tag","embeddable":true,"href":"https:\/\/www.upc.edu\/cau\/blog\/index.php?rest_route=%2Fwp%2Fv2%2Ftags&post=1588"}],"curies":[{"name":"wp","href":"https:\/\/api.w.org\/{rel}","templated":true}]}}