{"id":1771,"date":"2017-03-30T19:45:16","date_gmt":"2017-03-30T17:45:16","guid":{"rendered":"http:\/\/www.upc.edu\/cau\/blog\/?p=1771"},"modified":"2017-03-30T19:45:16","modified_gmt":"2017-03-30T17:45:16","slug":"recull-de-noticies-30-marc-2017","status":"publish","type":"post","link":"https:\/\/www.upc.edu\/cau\/blog\/?p=1771","title":{"rendered":"Recull de not\u00edcies 30 mar\u00e7 2017"},"content":{"rendered":"<p class=\"entry-title\">Amb cautela i precauci\u00f3 ens hem d&#8217;agafar les not\u00edcies aparegudes avui i els darrers dies sobre convocat\u00f2ries de places de funcionari i estabilitzaci\u00f3 de les plantilles de les administracions p\u00fabliques:<\/p>\n<h3 class=\"entry-title\">La Generalitat calcula que haur\u00e0 de convocar 30.000 places de funcionari fins al 2019. <a href=\"http:\/\/diaritreball.cat\/generalitat-calcula-que-haura-convocar-30-000-places-funcionari-fins-2019\/#.WN0jDcvvWEs.twitter\" target=\"_blank\">El Diari del Treball<\/a><\/h3>\n<p style=\"text-align: left;\"><img loading=\"lazy\" class=\"alignright\" src=\"http:\/\/diaritreball.cat\/wp-content\/uploads\/2017\/02\/photo_2017-02-02_18-40-07.jpg\" alt=\"Delegades i delegats sindicals concentrats davant la conselleria de Treball mentre es reunia la Mesa de la funci\u00f3 p\u00fablica foto: Tomeu Ferrer\" width=\"286\" height=\"135\" \/><\/p>\n<p style=\"text-align: left;\">Els sindicats catalans han xifrat la necessitat de regularitzaci\u00f3 per sobre dels 44.000 empleats p\u00fablics, perqu\u00e8 compten tots els interins i no nom\u00e9s els que fa m\u00e9s de 3 anys que treballen substituint feines estructurals<\/p>\n<h4 class=\"pg-bkn-headline\"><a href=\"http:\/\/www.ara.cat\/economia\/Govern-espanyol-sindicats-signen_0_1768023305.html\" target=\"_blank\">El Govern es podria veure obligat a crear 30.000 places de funcionari.<\/a> <a href=\"http:\/\/www.ara.cat\/economia\/Govern-espanyol-sindicats-signen_0_1768023305.html\" target=\"_blank\">Diari Ara<\/a><\/h4>\n<p>[&#8230;] A Catalunya, els 30.000 nom\u00e9s inclouen treballadors de la Generalitat [&#8230;] \u00a0\u00a0<strong class=\"mce\">S\u2019hi pot presentar tothom a la convocat\u00f2ria d\u2019aquestes noves places? \u00a0\u00a0<\/strong>S\u00ed, per\u00f2 els interins actuals tindran avantatge. El que far\u00e0 el Govern, com totes les administracions, \u00e9s obrir un concurs d\u2019oposici\u00f3, \u00e9s a dir un examen al qual es pot presentar tothom, per\u00f2 que despr\u00e9s ser\u00e0 ponderat amb el m\u00e8rit proporcional al temps treballat anteriorment a l\u2019administraci\u00f3 com a inter\u00ed i que, per tant, sempre tindran m\u00e9s puntuaci\u00f3. \u00a0 \u00a0<strong class=\"mce\">De qu\u00e8 dep\u00e8n que aquest comprom\u00eds es faci efectiu? \u00a0 \u00a0 \u00a0<\/strong>De l&#8217;aprovaci\u00f3 dels pressupostos de l\u2019Estat. L\u2019acord acompanya el text dels comptes del 2017 que l\u2019executiu espanyol presentar\u00e0 aquest divendres i que despr\u00e9s ha de ser ratificat en un congr\u00e9s on no t\u00e9 majoria.<\/p>\n<h3 class=\"entry-title\">Els sindicats reclamen que l\u2019oferta p\u00fablica d\u2019ocupaci\u00f3 a Catalunya afecti 44.000 persones. <a href=\"http:\/\/diaritreball.cat\/sindicats-reclamen-que-loferta-publica-docupacio-catalunya-afecti-44-000-persones\/\" target=\"_blank\">El Diari del Treball<\/a>.<img loading=\"lazy\" class=\"alignleft\" src=\"http:\/\/diaritreball.cat\/wp-content\/uploads\/2015\/11\/santJaume.jpg\" alt=\"Els funcionaris concentrats a la pla\u00e7a de Sant Jaume durant una protesta\" width=\"277\" height=\"139\" \/><\/h3>\n<p>La plantilla de la Generalitat \u00e9s d&#8217;uns 200.000 treballadors, amb un 30% de precarietat, que les centrals obreres voldrien reduir fins a un 8%<\/p>\n<p>&#8212;&#8212;&#8212;&#8212;&#8212;&#8212;&#8212;&#8212;&#8212;&#8212;&#8212;&#8212;&#8212;&#8212;&#8212;&#8212;&#8212;&#8212;&#8212;&#8212;&#8212;&#8212;&#8211;<\/p>\n<p>De moment sense not\u00edcies clares de la taxa de reposici\u00f3, i a la UPC sense comen\u00e7ar a treballar en l&#8217;anunciada pol\u00edtica (<a href=\"file:\/\/\/C:\/Users\/albert%20parra%20miguel\/Desktop\/2_Informe%20del%20rector%20sobre%20pol%C3%ADtica%20universit%C3%A0ria%20i%20programa%20d%E2%80%99actuaci%C3%B3..pdf\" target=\"_blank\">informe del rector del darrer claustre p\u00e0g.8<\/a>) d&#8217;estabilitzaci\u00f3 de la plantilla del PAS-L temporal.<\/p>\n<p>Esperem que aquestes not\u00edcies es concretin aviat i siguin realment positives per acabar amb la precarietat laboral en la universitat i en l&#8217;administraci\u00f3 p\u00fablica.<\/p>\n","protected":false},"excerpt":{"rendered":"<p>Amb cautela i precauci\u00f3 ens hem d&#8217;agafar les not\u00edcies aparegudes avui i els darrers dies sobre convocat\u00f2ries de places de funcionari i estabilitzaci\u00f3 de les plantilles de les administracions p\u00fabliques: La Generalitat calcula que haur\u00e0 de convocar 30.000 places de funcionari fins al 2019. El Diari del Treball Els sindicats catalans han xifrat la necessitat [&hellip;]<\/p>\n","protected":false},"author":5,"featured_media":0,"comment_status":"closed","ping_status":"open","sticky":false,"template":"","format":"standard","meta":{"_s2mail":"yes"},"categories":[26,31,12,2],"tags":[14,34],"_links":{"self":[{"href":"https:\/\/www.upc.edu\/cau\/blog\/index.php?rest_route=\/wp\/v2\/posts\/1771"}],"collection":[{"href":"https:\/\/www.upc.edu\/cau\/blog\/index.php?rest_route=\/wp\/v2\/posts"}],"about":[{"href":"https:\/\/www.upc.edu\/cau\/blog\/index.php?rest_route=\/wp\/v2\/types\/post"}],"author":[{"embeddable":true,"href":"https:\/\/www.upc.edu\/cau\/blog\/index.php?rest_route=\/wp\/v2\/users\/5"}],"replies":[{"embeddable":true,"href":"https:\/\/www.upc.edu\/cau\/blog\/index.php?rest_route=%2Fwp%2Fv2%2Fcomments&post=1771"}],"version-history":[{"count":3,"href":"https:\/\/www.upc.edu\/cau\/blog\/index.php?rest_route=\/wp\/v2\/posts\/1771\/revisions"}],"predecessor-version":[{"id":1774,"href":"https:\/\/www.upc.edu\/cau\/blog\/index.php?rest_route=\/wp\/v2\/posts\/1771\/revisions\/1774"}],"wp:attachment":[{"href":"https:\/\/www.upc.edu\/cau\/blog\/index.php?rest_route=%2Fwp%2Fv2%2Fmedia&parent=1771"}],"wp:term":[{"taxonomy":"category","embeddable":true,"href":"https:\/\/www.upc.edu\/cau\/blog\/index.php?rest_route=%2Fwp%2Fv2%2Fcategories&post=1771"},{"taxonomy":"post_tag","embeddable":true,"href":"https:\/\/www.upc.edu\/cau\/blog\/index.php?rest_route=%2Fwp%2Fv2%2Ftags&post=1771"}],"curies":[{"name":"wp","href":"https:\/\/api.w.org\/{rel}","templated":true}]}}