{"id":1815,"date":"2017-05-29T16:44:18","date_gmt":"2017-05-29T14:44:18","guid":{"rendered":"http:\/\/www.upc.edu\/cau\/blog\/?p=1815"},"modified":"2017-05-29T16:51:24","modified_gmt":"2017-05-29T14:51:24","slug":"ni-es-tanca-lacord-de-vestuari-ni-cap-altre-acord","status":"publish","type":"post","link":"https:\/\/www.upc.edu\/cau\/blog\/?p=1815","title":{"rendered":"Ni es tanca l\u2019acord de vestuari ni cap altre acord!"},"content":{"rendered":"<p>Aquest mes de maig el CEPASL i la Gerent tampoc han aconseguit tancar l\u2019acord de vestuari que s\u2019est\u00e0 negociant. Ja portem 4 mesos de negociaci\u00f3 i sembla que la Gerent no t\u00e9 cap pressa en tancar l\u2019acord, i aix\u00f2 que hem tingut 4 reunions sobre el tema. Sembla que la pol\u00edtica de la Gerent \u00e9s anar allargant les negociacions, que passin els mesos i estalviar-se pagar al PASL (la sent\u00e8ncia que vam guanyar per tornar a cobrar el vestuari \u00e9s de juny 2016 i no el van pagar fins mar\u00e7 2017)<\/p>\n<p>No sembla que la Gerent tingui gens d\u2019inter\u00e8s a tancar cap acord amb el CEPASL i aix\u00f2, inevitablement, ens fa pensar que no t\u00e9 la intenci\u00f3 de millorar les condicions laborals del PASL. \u00a0[&#8230;]<\/p>\n<h3><strong>[l<a href=\"http:\/\/www.upc.edu\/cau\/blog\/?page_id=1810\" target=\"_blank\" rel=\"noopener noreferrer\">legir m\u00e9s aqu\u00ed]<\/a><\/strong><\/h3>\n","protected":false},"excerpt":{"rendered":"<p>Aquest mes de maig el CEPASL i la Gerent tampoc han aconseguit tancar l\u2019acord de vestuari que s\u2019est\u00e0 negociant. Ja portem 4 mesos de negociaci\u00f3 i sembla que la Gerent no t\u00e9 cap pressa en tancar l\u2019acord, i aix\u00f2 que hem tingut 4 reunions sobre el tema. Sembla que la pol\u00edtica de la Gerent \u00e9s [&hellip;]<\/p>\n","protected":false},"author":5,"featured_media":0,"comment_status":"closed","ping_status":"open","sticky":false,"template":"","format":"standard","meta":{"_s2mail":"yes"},"categories":[28,31],"tags":[29,8],"_links":{"self":[{"href":"https:\/\/www.upc.edu\/cau\/blog\/index.php?rest_route=\/wp\/v2\/posts\/1815"}],"collection":[{"href":"https:\/\/www.upc.edu\/cau\/blog\/index.php?rest_route=\/wp\/v2\/posts"}],"about":[{"href":"https:\/\/www.upc.edu\/cau\/blog\/index.php?rest_route=\/wp\/v2\/types\/post"}],"author":[{"embeddable":true,"href":"https:\/\/www.upc.edu\/cau\/blog\/index.php?rest_route=\/wp\/v2\/users\/5"}],"replies":[{"embeddable":true,"href":"https:\/\/www.upc.edu\/cau\/blog\/index.php?rest_route=%2Fwp%2Fv2%2Fcomments&post=1815"}],"version-history":[{"count":3,"href":"https:\/\/www.upc.edu\/cau\/blog\/index.php?rest_route=\/wp\/v2\/posts\/1815\/revisions"}],"predecessor-version":[{"id":1818,"href":"https:\/\/www.upc.edu\/cau\/blog\/index.php?rest_route=\/wp\/v2\/posts\/1815\/revisions\/1818"}],"wp:attachment":[{"href":"https:\/\/www.upc.edu\/cau\/blog\/index.php?rest_route=%2Fwp%2Fv2%2Fmedia&parent=1815"}],"wp:term":[{"taxonomy":"category","embeddable":true,"href":"https:\/\/www.upc.edu\/cau\/blog\/index.php?rest_route=%2Fwp%2Fv2%2Fcategories&post=1815"},{"taxonomy":"post_tag","embeddable":true,"href":"https:\/\/www.upc.edu\/cau\/blog\/index.php?rest_route=%2Fwp%2Fv2%2Ftags&post=1815"}],"curies":[{"name":"wp","href":"https:\/\/api.w.org\/{rel}","templated":true}]}}