{"id":1901,"date":"2017-09-13T18:10:56","date_gmt":"2017-09-13T16:10:56","guid":{"rendered":"http:\/\/www.upc.edu\/cau\/blog\/?p=1901"},"modified":"2017-10-16T14:08:38","modified_gmt":"2017-10-16T12:08:38","slug":"recull-de-noticies-13-setembre-2017","status":"publish","type":"post","link":"https:\/\/www.upc.edu\/cau\/blog\/?p=1901","title":{"rendered":"Recull de not\u00edcies 13 setembre 2017"},"content":{"rendered":"<p>Despr\u00e9s de l&#8217;aturada estival i de la mobilitzaci\u00f3 de La Diada, tornem amb el nostre cl\u00e0ssic recull de not\u00edcies per una lectura cr\u00edtica i alternativa, perqu\u00e8 no volem que ens desinformin ni ens empassem les post-veritats:<\/p>\n<h1 id=\"page-title\" class=\"page__title title\"><a href=\"https:\/\/directa.cat\/una-quinzena-de-sindicats-darreu-de-lestat-espanyol-es-comprometen-amb-cita-de-l1\" target=\"_blank\" rel=\"noopener\">Una quinzena de sindicats d&#8217;arreu de l&#8217;Estat espanyol es comprometen amb la cita de l&#8217;1-O<\/a>.<\/h1>\n<h4><img loading=\"lazy\" class=\"alignright\" src=\"https:\/\/directa.cat\/sites\/default\/files\/sindicats_1.jpg\" alt=\"\" width=\"267\" height=\"178\" \/><\/h4>\n<p>La Directa.<\/p>\n<p>Representants de diferents organitzacions de<\/p>\n<p>treballadors es reuneixen a Barcelona per donar<\/p>\n<p>suport al refer\u00e8ndum, en un acte impulsat per la<\/p>\n<p><strong>IAC<\/strong> i la Intersindical CSC.\u00a0 <a href=\"http:\/\/sindicat.net\/2017\/setembre\/referendum\/index.php\" target=\"_blank\" rel=\"noopener\">Manifest: click aqu\u00ed<\/a><\/p>\n<hr \/>\n<h2 class=\"article-titol\"><a href=\"http:\/\/www.elpuntavui.cat\/politica\/article\/-\/1237457-el-sindicat-majoritari-de-mestres-ustec-demana-votar-a-les-escoles.html?utm_source=twitter&amp;utm_medium=xarxes&amp;utm_campaign=xarxes\" target=\"_blank\" rel=\"noopener\">El sindicat majoritari de mestres, USTEC-IAC, demana votar a les escoles<\/a>. \u00a0El Punt Avui.<\/h2>\n<hr \/>\n<h2 class=\"entry-title\"><a href=\"https:\/\/blocs.mesvilaweb.cat\/xavierdiez\/?p=270040\" target=\"_blank\" rel=\"noopener\">La autodeterminaci\u00f3n es un derecho fundamental<\/a><\/h2>\n<p>Intervenci\u00f3 de @<a class=\"twitter-atreply pretty-link js-nav\" dir=\"ltr\" href=\"https:\/\/twitter.com\/herodot10\" target=\"_blank\" rel=\"noopener\" data-mentioned-user-id=\"282521345\"><s><\/s><b>herodot10<\/b><\/a>\u00a0 (Xavier D\u00edez) a l&#8217;acte \u00a0<a class=\"twitter-hashtag pretty-link js-nav\" dir=\"ltr\" href=\"https:\/\/twitter.com\/hashtag\/sindicatsxreferendum?src=hash\" target=\"_blank\" rel=\"noopener\" data-query-source=\"hashtag_click\"><s>#<\/s><b>sindicatsxreferendum <\/b><\/a><b>\u00a0 :<\/b><\/p>\n<p><a href=\"https:\/\/www.upc.edu\/cau\/blog\/wp-content\/uploads\/2017\/09\/Captura-IAC_1O_1.png\" target=\"_blank\" rel=\"noopener\"><img loading=\"lazy\" class=\"alignleft wp-image-1903\" src=\"http:\/\/www.upc.edu\/cau\/blog\/wp-content\/uploads\/2017\/09\/Captura-IAC_1O_1-300x230.png\" alt=\"\" width=\"288\" height=\"221\" srcset=\"https:\/\/www.upc.edu\/cau\/blog\/wp-content\/uploads\/2017\/09\/Captura-IAC_1O_1-300x230.png 300w, https:\/\/www.upc.edu\/cau\/blog\/wp-content\/uploads\/2017\/09\/Captura-IAC_1O_1.png 615w\" sizes=\"(max-width: 288px) 100vw, 288px\" \/><\/a><a href=\"https:\/\/www.upc.edu\/cau\/blog\/wp-content\/uploads\/2017\/09\/Captura-IAC_1O_2.png\"><img loading=\"lazy\" class=\"alignright wp-image-1904\" src=\"http:\/\/www.upc.edu\/cau\/blog\/wp-content\/uploads\/2017\/09\/Captura-IAC_1O_2-300x138.png\" alt=\"\" width=\"284\" height=\"131\" srcset=\"https:\/\/www.upc.edu\/cau\/blog\/wp-content\/uploads\/2017\/09\/Captura-IAC_1O_2-300x138.png 300w, https:\/\/www.upc.edu\/cau\/blog\/wp-content\/uploads\/2017\/09\/Captura-IAC_1O_2.png 606w\" sizes=\"(max-width: 284px) 100vw, 284px\" \/><\/a><\/p>\n<p>&nbsp;<\/p>\n<p>&nbsp;<\/p>\n<p>&nbsp;<\/p>\n<p>&nbsp;<\/p>\n<p>&nbsp;<\/p>\n<p>&nbsp;<\/p>\n<hr \/>\n<div class=\"js-tweet-text-container\">\n<p lang=\"und\" data-aria-label-part=\"0\"><a href=\"https:\/\/www.upc.edu\/cau\/blog\/wp-content\/uploads\/2017\/09\/DJltaG-WAAEGF4E.jpg\"><img loading=\"lazy\" class=\"alignright wp-image-1905 size-medium\" src=\"https:\/\/www.upc.edu\/cau\/blog\/wp-content\/uploads\/2017\/09\/DJltaG-WAAEGF4E-300x212.jpg\" alt=\"\" width=\"300\" height=\"212\" srcset=\"https:\/\/www.upc.edu\/cau\/blog\/wp-content\/uploads\/2017\/09\/DJltaG-WAAEGF4E-300x212.jpg 300w, https:\/\/www.upc.edu\/cau\/blog\/wp-content\/uploads\/2017\/09\/DJltaG-WAAEGF4E.jpg 500w\" sizes=\"(max-width: 300px) 100vw, 300px\" \/><\/a><\/p>\n<\/div>\n<p>&nbsp;<\/p>\n<p>Les companyes de <a class=\"twitter-atreply pretty-link js-nav\" dir=\"ltr\" href=\"https:\/\/twitter.com\/UnionSolidaires\" target=\"_blank\" rel=\"noopener\" data-mentioned-user-id=\"3771458476\"><s>@<\/s><b>UnionSolidaires<\/b><\/a> lluitant per la feina digna!<\/p>\n<p>&nbsp;<\/p>\n<p>&nbsp;<\/p>\n<p>&nbsp;<\/p>\n<hr \/>\n<p>&nbsp;<\/p>\n<h3 id=\"titol-noticia\" class=\"entry-title\"><a href=\"https:\/\/www.vilaweb.cat\/noticies\/vaga-general-a-la-catalunya-nord-contra-la-reforma-laboral-demmanuel-macron-perpinya-manifestacio\/\" target=\"_blank\" rel=\"noopener\">Vaga general a la Catalunya Nord contra la reforma laboral d\u2019Emmanuel Macron<\/a>. \u00a0Vilaweb<\/h3>\n<h3 class=\"entry-title\"><a href=\"http:\/\/diarieducacio.cat\/lestat-mexica-mante-impune-desaparicio-dels-43-estudiants-dayotzinapa\/?utm_source=Butllet%C3%AD+web&amp;utm_campaign=822daba9f1-EMAIL_CAMPAIGN_2016_11_24&amp;utm_medium=email&amp;utm_term=0_1792201920-822daba9f1-126982909\" target=\"_blank\" rel=\"noopener\">L\u2019estat mexic\u00e0 mant\u00e9 impune la desaparici\u00f3 dels 43 estudiants d\u2019Ayotzinapa<\/a>. El Diari de l&#8217;Educaci\u00f3.<\/h3>\n","protected":false},"excerpt":{"rendered":"<p>Despr\u00e9s de l&#8217;aturada estival i de la mobilitzaci\u00f3 de La Diada, tornem amb el nostre cl\u00e0ssic recull de not\u00edcies per una lectura cr\u00edtica i alternativa, perqu\u00e8 no volem que ens desinformin ni ens empassem les post-veritats: Una quinzena de sindicats d&#8217;arreu de l&#8217;Estat espanyol es comprometen amb la cita de l&#8217;1-O. La Directa. Representants de [&hellip;]<\/p>\n","protected":false},"author":5,"featured_media":0,"comment_status":"closed","ping_status":"open","sticky":false,"template":"","format":"standard","meta":{"_s2mail":"yes"},"categories":[24,19,12],"tags":[],"_links":{"self":[{"href":"https:\/\/www.upc.edu\/cau\/blog\/index.php?rest_route=\/wp\/v2\/posts\/1901"}],"collection":[{"href":"https:\/\/www.upc.edu\/cau\/blog\/index.php?rest_route=\/wp\/v2\/posts"}],"about":[{"href":"https:\/\/www.upc.edu\/cau\/blog\/index.php?rest_route=\/wp\/v2\/types\/post"}],"author":[{"embeddable":true,"href":"https:\/\/www.upc.edu\/cau\/blog\/index.php?rest_route=\/wp\/v2\/users\/5"}],"replies":[{"embeddable":true,"href":"https:\/\/www.upc.edu\/cau\/blog\/index.php?rest_route=%2Fwp%2Fv2%2Fcomments&post=1901"}],"version-history":[{"count":8,"href":"https:\/\/www.upc.edu\/cau\/blog\/index.php?rest_route=\/wp\/v2\/posts\/1901\/revisions"}],"predecessor-version":[{"id":1959,"href":"https:\/\/www.upc.edu\/cau\/blog\/index.php?rest_route=\/wp\/v2\/posts\/1901\/revisions\/1959"}],"wp:attachment":[{"href":"https:\/\/www.upc.edu\/cau\/blog\/index.php?rest_route=%2Fwp%2Fv2%2Fmedia&parent=1901"}],"wp:term":[{"taxonomy":"category","embeddable":true,"href":"https:\/\/www.upc.edu\/cau\/blog\/index.php?rest_route=%2Fwp%2Fv2%2Fcategories&post=1901"},{"taxonomy":"post_tag","embeddable":true,"href":"https:\/\/www.upc.edu\/cau\/blog\/index.php?rest_route=%2Fwp%2Fv2%2Ftags&post=1901"}],"curies":[{"name":"wp","href":"https:\/\/api.w.org\/{rel}","templated":true}]}}