{"id":1912,"date":"2017-09-19T21:15:32","date_gmt":"2017-09-19T19:15:32","guid":{"rendered":"http:\/\/www.upc.edu\/cau\/blog\/?p=1912"},"modified":"2017-10-16T13:48:44","modified_gmt":"2017-10-16T11:48:44","slug":"referendumcat-1octreferenfum2017","status":"publish","type":"post","link":"https:\/\/www.upc.edu\/cau\/blog\/?p=1912","title":{"rendered":"#referendumCAT #1octreferenfum2017"},"content":{"rendered":"<p><a href=\"https:\/\/www.upc.edu\/cau\/blog\/wp-content\/uploads\/2017\/09\/iac-1oct.png\" target=\"_blank\" rel=\"noopener\"><img loading=\"lazy\" class=\"alignleft wp-image-1913 size-full\" src=\"https:\/\/www.upc.edu\/cau\/blog\/wp-content\/uploads\/2017\/09\/iac-1oct.png\" alt=\"\" width=\"475\" height=\"218\" srcset=\"https:\/\/www.upc.edu\/cau\/blog\/wp-content\/uploads\/2017\/09\/iac-1oct.png 475w, https:\/\/www.upc.edu\/cau\/blog\/wp-content\/uploads\/2017\/09\/iac-1oct-300x138.png 300w\" sizes=\"(max-width: 475px) 100vw, 475px\" \/><\/a><\/p>\n<p>&nbsp;<\/p>\n<p>&nbsp;<\/p>\n<p>&nbsp;<\/p>\n<p>&nbsp;<\/p>\n<p>&nbsp;<\/p>\n<h2 class=\"h2noticia titulocategoria2\"><a href=\"http:\/\/www.naciodigital.cat\/noticia\/138639\/dos\/sindicats\/proposen\/fer\/vaga\/general\/defensar\/referendum\" target=\"_blank\" rel=\"noopener\">Dos sindicats proposen fer una vaga general per defensar el refer\u00e8ndum<\/a>. Naci\u00f3 Digital<\/h2>\n<h3><a href=\"http:\/\/www.sindicat.net\/2017\/setembre\/referendum\/index.php\" target=\"_blank\" rel=\"noopener\">Sindicalistes d&#8217;arreu de l&#8217;estat donen suport al refer\u00e8ndum d&#8217;autodeterminaci\u00f3 de l&#8217; 1 d&#8217;Octubre.<\/a> \u00a0IAC \u00a0USTEC-STEs<\/h3>\n<p><a href=\"https:\/\/www.upc.edu\/cau\/blog\/wp-content\/uploads\/2017\/09\/iac-1oct-II.png\" target=\"_blank\" rel=\"noopener\"><img loading=\"lazy\" class=\"alignleft wp-image-1915 size-full\" src=\"https:\/\/www.upc.edu\/cau\/blog\/wp-content\/uploads\/2017\/09\/iac-1oct-II.png\" alt=\"\" width=\"482\" height=\"619\" srcset=\"https:\/\/www.upc.edu\/cau\/blog\/wp-content\/uploads\/2017\/09\/iac-1oct-II.png 482w, https:\/\/www.upc.edu\/cau\/blog\/wp-content\/uploads\/2017\/09\/iac-1oct-II-234x300.png 234w\" sizes=\"(max-width: 482px) 100vw, 482px\" \/><\/a><\/p>\n<p>&nbsp;<\/p>\n<p>&nbsp;<\/p>\n<p>&nbsp;<\/p>\n<p>&nbsp;<\/p>\n<p>&nbsp;<\/p>\n<p>&nbsp;<\/p>\n<p>&nbsp;<\/p>\n<p>&nbsp;<\/p>\n<p>&nbsp;<\/p>\n<p>&nbsp;<\/p>\n<p>&nbsp;<\/p>\n<p>&nbsp;<\/p>\n<p>&nbsp;<\/p>\n<p>&nbsp;<\/p>\n<p>&nbsp;<\/p>\n<p>&nbsp;<\/p>\n<p><a href=\"https:\/\/www.upc.edu\/cau\/blog\/wp-content\/uploads\/2017\/09\/empaperupc1.png\" target=\"_blank\" rel=\"noopener\"><img loading=\"lazy\" class=\"alignleft wp-image-1920 size-medium\" src=\"https:\/\/www.upc.edu\/cau\/blog\/wp-content\/uploads\/2017\/09\/empaperupc1-300x176.png\" alt=\"\" width=\"300\" height=\"176\" srcset=\"https:\/\/www.upc.edu\/cau\/blog\/wp-content\/uploads\/2017\/09\/empaperupc1-300x176.png 300w, https:\/\/www.upc.edu\/cau\/blog\/wp-content\/uploads\/2017\/09\/empaperupc1-768x450.png 768w, https:\/\/www.upc.edu\/cau\/blog\/wp-content\/uploads\/2017\/09\/empaperupc1-1024x599.png 1024w, https:\/\/www.upc.edu\/cau\/blog\/wp-content\/uploads\/2017\/09\/empaperupc1-624x365.png 624w, https:\/\/www.upc.edu\/cau\/blog\/wp-content\/uploads\/2017\/09\/empaperupc1.png 1165w\" sizes=\"(max-width: 300px) 100vw, 300px\" \/><\/a><\/p>\n<p>&nbsp;<\/p>\n<p>&nbsp;<\/p>\n<p>&nbsp;<\/p>\n<p>&nbsp;<\/p>\n<p>&nbsp;<\/p>\n<p><a href=\"https:\/\/www.upc.edu\/cau\/blog\/wp-content\/uploads\/2017\/09\/unixrep-upc-27s.png\" target=\"_blank\" rel=\"noopener\"><img loading=\"lazy\" class=\"alignleft wp-image-1921 size-full\" src=\"https:\/\/www.upc.edu\/cau\/blog\/wp-content\/uploads\/2017\/09\/unixrep-upc-27s.png\" alt=\"\" width=\"791\" height=\"606\" srcset=\"https:\/\/www.upc.edu\/cau\/blog\/wp-content\/uploads\/2017\/09\/unixrep-upc-27s.png 791w, https:\/\/www.upc.edu\/cau\/blog\/wp-content\/uploads\/2017\/09\/unixrep-upc-27s-300x230.png 300w, https:\/\/www.upc.edu\/cau\/blog\/wp-content\/uploads\/2017\/09\/unixrep-upc-27s-768x588.png 768w, https:\/\/www.upc.edu\/cau\/blog\/wp-content\/uploads\/2017\/09\/unixrep-upc-27s-624x478.png 624w\" sizes=\"(max-width: 791px) 100vw, 791px\" \/><\/a><\/p>\n","protected":false},"excerpt":{"rendered":"<p>&nbsp; &nbsp; &nbsp; &nbsp; &nbsp; Dos sindicats proposen fer una vaga general per defensar el refer\u00e8ndum. Naci\u00f3 Digital Sindicalistes d&#8217;arreu de l&#8217;estat donen suport al refer\u00e8ndum d&#8217;autodeterminaci\u00f3 de l&#8217; 1 d&#8217;Octubre. \u00a0IAC \u00a0USTEC-STEs &nbsp; &nbsp; &nbsp; &nbsp; &nbsp; &nbsp; &nbsp; &nbsp; &nbsp; &nbsp; &nbsp; &nbsp; &nbsp; &nbsp; &nbsp; &nbsp; &nbsp; &nbsp; &nbsp; &nbsp; &nbsp;<\/p>\n","protected":false},"author":5,"featured_media":0,"comment_status":"closed","ping_status":"open","sticky":false,"template":"","format":"standard","meta":{"_s2mail":"yes"},"categories":[2],"tags":[],"_links":{"self":[{"href":"https:\/\/www.upc.edu\/cau\/blog\/index.php?rest_route=\/wp\/v2\/posts\/1912"}],"collection":[{"href":"https:\/\/www.upc.edu\/cau\/blog\/index.php?rest_route=\/wp\/v2\/posts"}],"about":[{"href":"https:\/\/www.upc.edu\/cau\/blog\/index.php?rest_route=\/wp\/v2\/types\/post"}],"author":[{"embeddable":true,"href":"https:\/\/www.upc.edu\/cau\/blog\/index.php?rest_route=\/wp\/v2\/users\/5"}],"replies":[{"embeddable":true,"href":"https:\/\/www.upc.edu\/cau\/blog\/index.php?rest_route=%2Fwp%2Fv2%2Fcomments&post=1912"}],"version-history":[{"count":9,"href":"https:\/\/www.upc.edu\/cau\/blog\/index.php?rest_route=\/wp\/v2\/posts\/1912\/revisions"}],"predecessor-version":[{"id":1956,"href":"https:\/\/www.upc.edu\/cau\/blog\/index.php?rest_route=\/wp\/v2\/posts\/1912\/revisions\/1956"}],"wp:attachment":[{"href":"https:\/\/www.upc.edu\/cau\/blog\/index.php?rest_route=%2Fwp%2Fv2%2Fmedia&parent=1912"}],"wp:term":[{"taxonomy":"category","embeddable":true,"href":"https:\/\/www.upc.edu\/cau\/blog\/index.php?rest_route=%2Fwp%2Fv2%2Fcategories&post=1912"},{"taxonomy":"post_tag","embeddable":true,"href":"https:\/\/www.upc.edu\/cau\/blog\/index.php?rest_route=%2Fwp%2Fv2%2Ftags&post=1912"}],"curies":[{"name":"wp","href":"https:\/\/api.w.org\/{rel}","templated":true}]}}