{"id":2076,"date":"2018-02-17T20:54:41","date_gmt":"2018-02-17T18:54:41","guid":{"rendered":"https:\/\/www.upc.edu\/cau\/blog\/?p=2076"},"modified":"2018-02-17T22:03:33","modified_gmt":"2018-02-17T20:03:33","slug":"8-marc-vaga-feminista","status":"publish","type":"post","link":"https:\/\/www.upc.edu\/cau\/blog\/?p=2076","title":{"rendered":"8 mar\u00e7 Vaga feminista"},"content":{"rendered":"<h3>#8MJoFaigVaga\u00a0 La secci\u00f3 sindical CAU-IAC de la UPC dona suport a la vaga feminista del proper 8 de mar\u00e7. Podeu llegir <a href=\"https:\/\/www.upc.edu\/cau\/blog\/wp-content\/uploads\/2018\/02\/manifest-iac-cartell.pdf\" target=\"_blank\" rel=\"noopener\">aqu\u00ed el Manifest de la IAC<\/a><\/h3>\n<p>A continuaci\u00f3 el comunicat de la Intersindical Alternativa de Catalunya a la que pertany el CAU:<\/p>\n<p><a href=\"https:\/\/www.upc.edu\/cau\/blog\/wp-content\/uploads\/2018\/02\/8mar\u00e7vagafeminista.jpg\" target=\"_blank\" rel=\"noopener\"><img loading=\"lazy\" class=\"alignright wp-image-2077\" src=\"https:\/\/www.upc.edu\/cau\/blog\/wp-content\/uploads\/2018\/02\/8mar\u00e7vagafeminista-206x300.jpg\" alt=\"\" width=\"300\" height=\"438\" srcset=\"https:\/\/www.upc.edu\/cau\/blog\/wp-content\/uploads\/2018\/02\/8mar\u00e7vagafeminista-206x300.jpg 206w, https:\/\/www.upc.edu\/cau\/blog\/wp-content\/uploads\/2018\/02\/8mar\u00e7vagafeminista-702x1024.jpg 702w, https:\/\/www.upc.edu\/cau\/blog\/wp-content\/uploads\/2018\/02\/8mar\u00e7vagafeminista-624x911.jpg 624w, https:\/\/www.upc.edu\/cau\/blog\/wp-content\/uploads\/2018\/02\/8mar\u00e7vagafeminista.jpg 736w\" sizes=\"(max-width: 300px) 100vw, 300px\" \/><\/a><\/p>\n<p style=\"text-align: justify;\">El dilluns 12 de febrer, la Intersindical Alternativa de Catalunya (IAC) ha registrat el preav\u00eds de vaga de 24 hores seguint l\u2019acord del passat 25 de gener del seu Consell Nacional, que va aprovar sumar-se a les reivindicacions del moviment feminista mitjan\u00e7ant una convocat\u00f2ria de vaga general. D\u2019aquesta manera, la IAC s\u2019afegeix a la campanya per la Vaga Internacional de Dones, impulsada ja el 2017 pel moviment feminista, amb la convocat\u00f2ria de la VAGA GENERAL el 8 de mar\u00e7 de 2018. Aquesta vaga afectar\u00e0 el conjunt de les treballadores i treballadors del sector p\u00fablic i privat de Catalunya, de tots els sectors productius, amb un conjunt de reivindicacions laborals, econ\u00f2miques i socials en defensa de la igualtat de drets de les dones treballadores.<\/p>\n<p><strong>Amb aquesta vaga general volem fer visible:<\/strong><br \/>\n\u00b7 La necessitat de millorar les condicions laborals i aplicar les mesures corresponents per posar fi a la desigualtat laboral, la bretxa salarial, el sostre de vidre i la desigualtat en les pensions.<\/p>\n<p>\u00b7 Que les cures no han d\u2019impedir accedir a llocs de treball, ni han de suposar problemes organitzatius, ni penalitzacions en la promoci\u00f3, ni en el salari, ni en la jubilaci\u00f3.<\/p>\n<p>\u00b7 Que cal continuar treballant per l\u2019aplicaci\u00f3 efectiva dels protocols d\u2019assetjament en l\u2019\u00e0mbit laboral i posar-hi totes les mesures per eradicar la viol\u00e8ncia masclista.<\/p>\n<p>\u00b7 Que calen mesures pressupost\u00e0ries i normatives que apostin per aven\u00e7os socials i en mat\u00e8ria de conciliaci\u00f3.<\/p>\n<p><a href=\"https:\/\/www.upc.edu\/cau\/blog\/wp-content\/uploads\/2018\/02\/Portada-FB.jpg\" target=\"_blank\" rel=\"noopener\"><img loading=\"lazy\" class=\"alignleft wp-image-2079\" src=\"https:\/\/www.upc.edu\/cau\/blog\/wp-content\/uploads\/2018\/02\/Portada-FB-300x114.jpg\" alt=\"\" width=\"242\" height=\"92\" srcset=\"https:\/\/www.upc.edu\/cau\/blog\/wp-content\/uploads\/2018\/02\/Portada-FB-300x114.jpg 300w, https:\/\/www.upc.edu\/cau\/blog\/wp-content\/uploads\/2018\/02\/Portada-FB-768x292.jpg 768w, https:\/\/www.upc.edu\/cau\/blog\/wp-content\/uploads\/2018\/02\/Portada-FB-624x237.jpg 624w, https:\/\/www.upc.edu\/cau\/blog\/wp-content\/uploads\/2018\/02\/Portada-FB.jpg 820w\" sizes=\"(max-width: 242px) 100vw, 242px\" \/><\/a>\u00b7 La gran precarietat laboral en totes les feines i la vulnerabilitat de la situaci\u00f3 laboral i social a la qual es veuen sotmeses les dones sense garanties laborals i que no poden exercir el seu dret a vaga.<\/p>\n<p>\u00b7 La necessitat de canviar els rols i fer front al sistema patriarcal. La IAC aposta per un sindicalisme alternatiu en contacte estret amb els moviments socials i que s\u2019implica en les campanyes per eradicar qualsevol tipus de viol\u00e8ncia i\/o desigualtat.<\/p>\n<p>El CAU-IAC vol recordar que cada dia \u00e9s 8 de mar\u00e7 i que cal continuar evidenciant<br \/>\nla necessitat d\u2019un canvi social, econ\u00f2mic i de les condicions laborals.<\/p>\n<div id=\"attachment_2084\" style=\"width: 387px\" class=\"wp-caption aligncenter\"><a href=\"https:\/\/www.upc.edu\/cau\/blog\/wp-content\/uploads\/2018\/02\/IAC8m.gif\" target=\"_blank\" rel=\"noopener\"><img aria-describedby=\"caption-attachment-2084\" loading=\"lazy\" class=\"wp-image-2084\" src=\"https:\/\/www.upc.edu\/cau\/blog\/wp-content\/uploads\/2018\/02\/IAC8m-300x200.gif\" alt=\"\" width=\"377\" height=\"252\" \/><\/a><p id=\"caption-attachment-2084\" class=\"wp-caption-text\">Clicka sobre la imatge per veure el GIF en moviment.<\/p><\/div>\n<p><a href=\"https:\/\/www.upc.edu\/cau\/blog\/wp-content\/uploads\/2018\/02\/DV1N9EoW0AA9Pm4.jpg\" target=\"_blank\" rel=\"noopener\"><img loading=\"lazy\" class=\"alignnone wp-image-2086\" src=\"https:\/\/www.upc.edu\/cau\/blog\/wp-content\/uploads\/2018\/02\/DV1N9EoW0AA9Pm4-225x300.jpg\" alt=\"\" width=\"187\" height=\"249\" srcset=\"https:\/\/www.upc.edu\/cau\/blog\/wp-content\/uploads\/2018\/02\/DV1N9EoW0AA9Pm4-225x300.jpg 225w, https:\/\/www.upc.edu\/cau\/blog\/wp-content\/uploads\/2018\/02\/DV1N9EoW0AA9Pm4.jpg 768w, https:\/\/www.upc.edu\/cau\/blog\/wp-content\/uploads\/2018\/02\/DV1N9EoW0AA9Pm4-624x832.jpg 624w\" sizes=\"(max-width: 187px) 100vw, 187px\" \/><\/a>\u00a0 \u00a0 Comunicat de la vaga a la Generalitat i altres institucions.<\/p>\n","protected":false},"excerpt":{"rendered":"<p>#8MJoFaigVaga\u00a0 La secci\u00f3 sindical CAU-IAC de la UPC dona suport a la vaga feminista del proper 8 de mar\u00e7. Podeu llegir aqu\u00ed el Manifest de la IAC A continuaci\u00f3 el comunicat de la Intersindical Alternativa de Catalunya a la que pertany el CAU: El dilluns 12 de febrer, la Intersindical Alternativa de Catalunya (IAC) ha [&hellip;]<\/p>\n","protected":false},"author":5,"featured_media":0,"comment_status":"closed","ping_status":"open","sticky":false,"template":"","format":"standard","meta":{"_s2mail":"yes"},"categories":[28,24,19,7],"tags":[38,22,36,23,33,10],"_links":{"self":[{"href":"https:\/\/www.upc.edu\/cau\/blog\/index.php?rest_route=\/wp\/v2\/posts\/2076"}],"collection":[{"href":"https:\/\/www.upc.edu\/cau\/blog\/index.php?rest_route=\/wp\/v2\/posts"}],"about":[{"href":"https:\/\/www.upc.edu\/cau\/blog\/index.php?rest_route=\/wp\/v2\/types\/post"}],"author":[{"embeddable":true,"href":"https:\/\/www.upc.edu\/cau\/blog\/index.php?rest_route=\/wp\/v2\/users\/5"}],"replies":[{"embeddable":true,"href":"https:\/\/www.upc.edu\/cau\/blog\/index.php?rest_route=%2Fwp%2Fv2%2Fcomments&post=2076"}],"version-history":[{"count":7,"href":"https:\/\/www.upc.edu\/cau\/blog\/index.php?rest_route=\/wp\/v2\/posts\/2076\/revisions"}],"predecessor-version":[{"id":2082,"href":"https:\/\/www.upc.edu\/cau\/blog\/index.php?rest_route=\/wp\/v2\/posts\/2076\/revisions\/2082"}],"wp:attachment":[{"href":"https:\/\/www.upc.edu\/cau\/blog\/index.php?rest_route=%2Fwp%2Fv2%2Fmedia&parent=2076"}],"wp:term":[{"taxonomy":"category","embeddable":true,"href":"https:\/\/www.upc.edu\/cau\/blog\/index.php?rest_route=%2Fwp%2Fv2%2Fcategories&post=2076"},{"taxonomy":"post_tag","embeddable":true,"href":"https:\/\/www.upc.edu\/cau\/blog\/index.php?rest_route=%2Fwp%2Fv2%2Ftags&post=2076"}],"curies":[{"name":"wp","href":"https:\/\/api.w.org\/{rel}","templated":true}]}}