{"id":2554,"date":"2019-10-14T16:04:19","date_gmt":"2019-10-14T14:04:19","guid":{"rendered":"https:\/\/www.upc.edu\/cau\/blog\/?p=2554"},"modified":"2019-10-14T16:04:19","modified_gmt":"2019-10-14T14:04:19","slug":"comunicat-de-la-iac-sobre-la-sentencia-del-tribunal-suprem","status":"publish","type":"post","link":"https:\/\/www.upc.edu\/cau\/blog\/?p=2554","title":{"rendered":"Comunicat de la IAC sobre la sent\u00e8ncia del Tribunal Suprem."},"content":{"rendered":"\n<p><img loading=\"lazy\" class=\"alignnone\" src=\"https:\/\/iac.cat\/wp-content\/uploads\/2019\/01\/Cap%C3%A7alera-mani-21D-e1547033418712-777x437.jpg\" alt=\"\" width=\"777\" height=\"437\" \/><\/p>\n<p><strong>L\u2019autotutela de drets no \u00e9s un delicte: amnistia, autodeterminaci\u00f3.<\/strong><br \/><strong>Retallades?: Ni socials ni de llibertats<\/strong><\/p>\n<p>Des de la IAC (Intersindical Alternativa de Catalunya) no compartim la sent\u00e8ncia i exigim la llibertat de totes les preses pol\u00edtiques. Coma sindicat sempre hem defensat i defensarem que el poble catal\u00e0 t\u00e9 dret a decidir\u00a0\u00a0col\u00b7lectivament sobre tot all\u00f2 que li afecta. Aquest dret a l\u2019autotutela, a poder decidir el propi futur inclou tots els aspectes de la vida, model econ\u00f2mic, social (\u2026) i per suposat el dret a l\u2019autodeterminaci\u00f3. Com a sindicat vam donar suport al refer\u00e8ndum del 1 d\u2019octubre de 2017 i moltes de les nostres afiliades van participar de m\u00faltiples formes.\u00a0<\/p>\n<div class=\"wp-block-image\">\n<figure class=\"alignleft is-resized\"><img loading=\"lazy\" class=\"wp-image-2314\" src=\"https:\/\/iac.cat\/wp-content\/uploads\/2019\/10\/zentauroepp44887252-pres-lledoners-joan-vilatorrada-foto-m180907175521-1536335860247-1024x575.jpg\" sizes=\"(max-width: 256px) 100vw, 256px\" srcset=\"https:\/\/iac.cat\/wp-content\/uploads\/2019\/10\/zentauroepp44887252-pres-lledoners-joan-vilatorrada-foto-m180907175521-1536335860247-1024x575.jpg 1024w, https:\/\/iac.cat\/wp-content\/uploads\/2019\/10\/zentauroepp44887252-pres-lledoners-joan-vilatorrada-foto-m180907175521-1536335860247-300x169.jpg 300w, https:\/\/iac.cat\/wp-content\/uploads\/2019\/10\/zentauroepp44887252-pres-lledoners-joan-vilatorrada-foto-m180907175521-1536335860247-768x431.jpg 768w, https:\/\/iac.cat\/wp-content\/uploads\/2019\/10\/zentauroepp44887252-pres-lledoners-joan-vilatorrada-foto-m180907175521-1536335860247-777x437.jpg 777w, https:\/\/iac.cat\/wp-content\/uploads\/2019\/10\/zentauroepp44887252-pres-lledoners-joan-vilatorrada-foto-m180907175521-1536335860247-260x146.jpg 260w, https:\/\/iac.cat\/wp-content\/uploads\/2019\/10\/zentauroepp44887252-pres-lledoners-joan-vilatorrada-foto-m180907175521-1536335860247-120x67.jpg 120w, https:\/\/iac.cat\/wp-content\/uploads\/2019\/10\/zentauroepp44887252-pres-lledoners-joan-vilatorrada-foto-m180907175521-1536335860247.jpg 1200w\" alt=\"\" width=\"256\" height=\"144\" \/>\n<figcaption>Pres\u00f3 de Lladoners<\/figcaption>\n<\/figure>\n<\/div>\n<p>El de 20 de setembre de 2017 vam veure com la Gu\u00e0rdia Civil irrompia\u00a0\u00a0a la conselleria d\u2019economia\u00a0\u00a0en un absurd intent de torpedinar el refer\u00e8ndum. Afiliades nostres estaven all\u00e0 a dins i van veure com molt\u00edssimes persones es van anar apropant al centre de Barcelona per deixar clara tant la seva intenci\u00f3 de votar, com el rebuig a les actuacions policials. Sempre amb un comportament no violent que ja s\u2019havia anat veient durant tot l\u2019estiu i les primeres setmanes de setembre quan diferents\u00a0\u00a0cossos policials\u00a0\u00a0miraven de trobar urnes i paperetes. Aquell dia 20 de setembre la Gu\u00e0rdia Civil i la Policia Nacional volgueren , infructuosament,\u00a0\u00a0imposar la por. Com a sindicat tenim clar que existeix una viol\u00e8ncia estructural que es la que pateixen per exemple les persones acomiadades, les desnonades, les que no arriben a final de mes, la viol\u00e8ncia masclista o la racista. A banda d\u2019aquestes que malauradament es donen cada dia el 20 de setembre la \u00fanica viol\u00e8ncia que vam veure va ser la policial.<\/p>\n<p>El dia 1 d\u2019octubre, de fet des del 29 al 1 el va fructificar l\u2019autoorganitzaci\u00f3 popular per poder decidir en llibertat la relaci\u00f3 amb l\u2019Estat espanyol, tan senzill com aix\u00f2. No obstant la Policia Nacional i la Gu\u00e0rdia Civil van agredir impunement milers de persones, van rebentar porteries d\u2019escoles i centres d\u2019atenci\u00f3 prim\u00e0ria, equipaments que s\u00f3n temples per a la classe treballadora.<\/p>\n<p>Partint del fet que convocar un refer\u00e8ndum no \u00e9s un delicte recollit ni al codi penal la sent\u00e8ncia \u00e9s la conclusi\u00f3 d\u2019un judici sense garanties, que ha impedit\u00a0\u00a0contrastar el testimoni de molts policies i gu\u00e0rdies civils amb els v\u00eddeos dels fets.\u00a0\u00a0S\u2019han investigat fets en dos jutjats diferents\u00a0\u00a0\u00a0i casi s\u2019ha obviat la presumpci\u00f3 d\u2019innoc\u00e8ncia de les persones investigades at\u00e8s que\u00a0\u00a0la fiscalia en no\u00a0\u00a0existir proves ni de sedici\u00f3, ni de rebel\u00b7li\u00f3 ho ha fiat tot a l\u2019intent dels jutges del suprem\u00a0\u00a0d\u2019obligar a les persones investigades a demostrar la seva innoc\u00e8ncia.\u00a0\u00a0Cal recordar tamb\u00e9 l\u2019execrable pres\u00e8ncia del partit d\u2019ultradreta VOX personat com acusaci\u00f3 particular, que part d\u2019embrutar la imatge de la just\u00edcia ha servit per demostrar que s\u2019ha tractat d\u2019un judici pol\u00edtic car l\u2019acusador de VOX era un preeminent diputat del partit.<\/p>\n<p>Com a sindicat ens solidaritzem amb els familiars, amics i companyes de\u00a0<strong>totes<\/strong>\u00a0les preses pol\u00edtiques exigim tant la seva llibertat\u00a0\u00a0com el retorn de les exiliades. Exercir el dret d\u2019autodeterminaci\u00f3 no \u00e9s un delicte i per tant s\u2019ha de promulgar d\u2019una llei d\u2019amnistia.<\/p>\n<p>Animem a la nostra afiliaci\u00f3 a participar en totes les mobilitzacions en defensa dels drets i les llibertats que tant ens han costat aconseguir.<\/p>\n<p>Barcelona,\u00a0 \u00a014 d\u2019octubre de 2019.\u00a0 \u00a0 \u00a0 \u00a0 \u00a0 \u00a0 \u00a0 \u00a0 \u00a0 \u00a0 \u00a0 \u00a0 \u00a0 \u00a0 \u00a0 \u00a0 \u00a0 \u00a0 \u00a0 \u00a0 \u00a0 \u00a0 \u00a0 \u00a0 \u00a0 \u00a0 \u00a0 \u00a0 \u00a0 \u00a0 \u00a0 \u00a0 \u00a0 <a href=\"https:\/\/iac.cat\/2019\/10\/14\/comunicat-de-la-iac-sobre-la-sentencia-del-tribunal-suprem\/\" target=\"_blank\" rel=\"noopener noreferrer\">Article del web iac.cat<\/a><\/p>\n","protected":false},"excerpt":{"rendered":"<p>L\u2019autotutela de drets no \u00e9s un delicte: amnistia, autodeterminaci\u00f3.Retallades?: Ni socials ni de llibertats Des de la IAC (Intersindical Alternativa de Catalunya) no compartim la sent\u00e8ncia i exigim la llibertat de totes les preses pol\u00edtiques. Coma sindicat sempre hem defensat i defensarem que el poble catal\u00e0 t\u00e9 dret a decidir\u00a0\u00a0col\u00b7lectivament sobre tot all\u00f2 que li [&hellip;]<\/p>\n","protected":false},"author":5,"featured_media":0,"comment_status":"closed","ping_status":"open","sticky":false,"template":"","format":"standard","meta":{"_s2mail":""},"categories":[2],"tags":[],"_links":{"self":[{"href":"https:\/\/www.upc.edu\/cau\/blog\/index.php?rest_route=\/wp\/v2\/posts\/2554"}],"collection":[{"href":"https:\/\/www.upc.edu\/cau\/blog\/index.php?rest_route=\/wp\/v2\/posts"}],"about":[{"href":"https:\/\/www.upc.edu\/cau\/blog\/index.php?rest_route=\/wp\/v2\/types\/post"}],"author":[{"embeddable":true,"href":"https:\/\/www.upc.edu\/cau\/blog\/index.php?rest_route=\/wp\/v2\/users\/5"}],"replies":[{"embeddable":true,"href":"https:\/\/www.upc.edu\/cau\/blog\/index.php?rest_route=%2Fwp%2Fv2%2Fcomments&post=2554"}],"version-history":[{"count":2,"href":"https:\/\/www.upc.edu\/cau\/blog\/index.php?rest_route=\/wp\/v2\/posts\/2554\/revisions"}],"predecessor-version":[{"id":2556,"href":"https:\/\/www.upc.edu\/cau\/blog\/index.php?rest_route=\/wp\/v2\/posts\/2554\/revisions\/2556"}],"wp:attachment":[{"href":"https:\/\/www.upc.edu\/cau\/blog\/index.php?rest_route=%2Fwp%2Fv2%2Fmedia&parent=2554"}],"wp:term":[{"taxonomy":"category","embeddable":true,"href":"https:\/\/www.upc.edu\/cau\/blog\/index.php?rest_route=%2Fwp%2Fv2%2Fcategories&post=2554"},{"taxonomy":"post_tag","embeddable":true,"href":"https:\/\/www.upc.edu\/cau\/blog\/index.php?rest_route=%2Fwp%2Fv2%2Ftags&post=2554"}],"curies":[{"name":"wp","href":"https:\/\/api.w.org\/{rel}","templated":true}]}}