{"id":3075,"date":"2024-07-24T09:09:57","date_gmt":"2024-07-24T07:09:57","guid":{"rendered":"https:\/\/www.upc.edu\/cau\/blog\/?p=3075"},"modified":"2024-07-24T09:09:57","modified_gmt":"2024-07-24T07:09:57","slug":"contra-la-temporalitat","status":"publish","type":"post","link":"https:\/\/www.upc.edu\/cau\/blog\/?p=3075","title":{"rendered":"Contra la temporalitat!"},"content":{"rendered":"\n<p><img loading=\"lazy\" src=\"https:\/\/iac.cat\/wp-content\/uploads\/2022\/12\/cropped-IACbevel-OK.jpg\" alt=\"Intersindical Alternativa de Catalunya\" width=\"917\" height=\"186\" \/><\/p>\n<header class=\"entry-header mh-clearfix\">\n<h1 class=\"entry-title\">Madrid: contra la temporalitat!<\/h1>\n<\/header>\n<figure class=\"entry-thumbnail\"><img loading=\"lazy\" class=\"attachment-content-single size-content-single wp-post-image\" src=\"https:\/\/iac.cat\/wp-content\/uploads\/2024\/07\/GSM4sfmXQAAHstZ-777x437.jpeg\" sizes=\"(max-width: 777px) 100vw, 777px\" srcset=\"https:\/\/iac.cat\/wp-content\/uploads\/2024\/07\/GSM4sfmXQAAHstZ-777x437.jpeg 777w, https:\/\/iac.cat\/wp-content\/uploads\/2024\/07\/GSM4sfmXQAAHstZ-260x146.jpeg 260w, https:\/\/iac.cat\/wp-content\/uploads\/2024\/07\/GSM4sfmXQAAHstZ-120x67.jpeg 120w\" alt=\"\" width=\"777\" height=\"437\" \/><\/figure>\n<p class=\"entry-meta\">Davant del Ministeri de funci\u00f3 p\u00fablica, per exigir l\u2019estabilitat de les persones en frau de llei per ab\u00fas de temporalitat, amb m\u00e9s de 50 associacions, plataformes i altres sindicats, la IAC va participar, el passat 11 de juliol, de la concentraci\u00f3 pels recents pronunciaments del Tribunal de just\u00edcia de la Uni\u00f3 europea (TJUE); que evidencien l\u2019incompliment de la normativa europea.<a href=\"http:\/\/iac.cat\/wp-content\/uploads\/2024\/07\/2024-06-27-Manifiesto-concentracion-11-julio-sindicatos.pdf\"><img loading=\"lazy\" class=\"alignright wp-image-5939\" src=\"http:\/\/iac.cat\/wp-content\/uploads\/2024\/07\/2024-06-27-Manifiesto-concentracion-11-julio-sindicatos.jpg\" sizes=\"(max-width: 200px) 100vw, 200px\" srcset=\"https:\/\/iac.cat\/wp-content\/uploads\/2024\/07\/2024-06-27-Manifiesto-concentracion-11-julio-sindicatos.jpg 421w, https:\/\/iac.cat\/wp-content\/uploads\/2024\/07\/2024-06-27-Manifiesto-concentracion-11-julio-sindicatos-211x300.jpg 211w\" alt=\"\" width=\"200\" height=\"285\" \/><\/a><\/p>\n<div class=\"entry-content mh-clearfix\">\n<p>L\u2019Estat espanyol ha optat per estabilitzaci\u00f3 de places per\u00f2 no de les persones en frau de llei per ab\u00fas de temporalitat; algunes de les quals estan sent cessades (<em>acomiadades<\/em>) en cobrir-se les places per altres persones.<\/p>\n<p>A la concentraci\u00f3 es va llegir<a href=\"http:\/\/iac.cat\/wp-content\/uploads\/2024\/07\/2024-06-27-Manifiesto-concentracion-11-julio-sindicatos.pdf\"> comunicat<\/a> reivindicant:<\/p>\n<ul>\n<li>La paralitzaci\u00f3 immediata dels cessaments de personal en ab\u00fas de temporalitat;<\/li>\n<li>La reincorporaci\u00f3 del personal injustament cessat<\/li>\n<li>Atorgar l\u2019estabilitat a totes les persones que treballin m\u00e9s de tres anys, en un o diversos contractes successius, per a la mateixa administraci\u00f3 ocupadora.<\/li>\n<\/ul>\n<p>Establir els mecanismes de sanci\u00f3 necessaris mitjan\u00e7ant canvis normatius del TREBEP i la resta de legislaci\u00f3 sobre Funci\u00f3 P\u00fablica.<\/p>\n<p><strong>Les que hi som, ens quedem<\/strong>; el personal inter\u00ed en ab\u00fas de temporalitat, anuncia m\u00e9s mobilitzacions, no descarta la possibilitat de convocar aturades i, si escau, vagues als diversos sectors afectats.<\/p>\n<p><iframe loading=\"lazy\" id=\"_dytid_7979\" title=\"YouTube video player\" src=\"https:\/\/www.youtube.com\/embed\/1Yj502ytU48?si=DRMt7Oi5315CNCWC\" width=\"560\" height=\"560\" frameborder=\"0\" allowfullscreen=\"allowfullscreen\" data-mce-fragment=\"1\">&lt;span\n data-mce-type=&#8221;bookmark&#8221; style=&#8221;display: inline-block; width: 0px; \noverflow: hidden; line-height: 0;&#8221; \nclass=&#8221;mce_SELRES_start&#8221;&gt;\ufeff&lt;\/span&gt;<\/iframe><\/p>\n<h6 style=\"text-align: right;\">Publicaci\u00f3 original:\u00a0 <a href=\"_wp_link_placeholder\" data-wplink-edit=\"true\">https:\/\/iac.cat\/2024\/07\/16\/madrid-contra-la-temporalitat\/<\/a><\/h6>\n<p>\u00a0<\/p>\n<\/div>\n","protected":false},"excerpt":{"rendered":"<p>Madrid: contra la temporalitat! Davant del Ministeri de funci\u00f3 p\u00fablica, per exigir l\u2019estabilitat de les persones en frau de llei per ab\u00fas de temporalitat, amb m\u00e9s de 50 associacions, plataformes i altres sindicats, la IAC va participar, el passat 11 de juliol, de la concentraci\u00f3 pels recents pronunciaments del Tribunal de just\u00edcia de la Uni\u00f3 [&hellip;]<\/p>\n","protected":false},"author":5,"featured_media":0,"comment_status":"closed","ping_status":"open","sticky":false,"template":"","format":"standard","meta":{"_s2mail":""},"categories":[24,19,7,39],"tags":[22,36,33],"_links":{"self":[{"href":"https:\/\/www.upc.edu\/cau\/blog\/index.php?rest_route=\/wp\/v2\/posts\/3075"}],"collection":[{"href":"https:\/\/www.upc.edu\/cau\/blog\/index.php?rest_route=\/wp\/v2\/posts"}],"about":[{"href":"https:\/\/www.upc.edu\/cau\/blog\/index.php?rest_route=\/wp\/v2\/types\/post"}],"author":[{"embeddable":true,"href":"https:\/\/www.upc.edu\/cau\/blog\/index.php?rest_route=\/wp\/v2\/users\/5"}],"replies":[{"embeddable":true,"href":"https:\/\/www.upc.edu\/cau\/blog\/index.php?rest_route=%2Fwp%2Fv2%2Fcomments&post=3075"}],"version-history":[{"count":1,"href":"https:\/\/www.upc.edu\/cau\/blog\/index.php?rest_route=\/wp\/v2\/posts\/3075\/revisions"}],"predecessor-version":[{"id":3076,"href":"https:\/\/www.upc.edu\/cau\/blog\/index.php?rest_route=\/wp\/v2\/posts\/3075\/revisions\/3076"}],"wp:attachment":[{"href":"https:\/\/www.upc.edu\/cau\/blog\/index.php?rest_route=%2Fwp%2Fv2%2Fmedia&parent=3075"}],"wp:term":[{"taxonomy":"category","embeddable":true,"href":"https:\/\/www.upc.edu\/cau\/blog\/index.php?rest_route=%2Fwp%2Fv2%2Fcategories&post=3075"},{"taxonomy":"post_tag","embeddable":true,"href":"https:\/\/www.upc.edu\/cau\/blog\/index.php?rest_route=%2Fwp%2Fv2%2Ftags&post=3075"}],"curies":[{"name":"wp","href":"https:\/\/api.w.org\/{rel}","templated":true}]}}