{"id":3088,"date":"2025-03-03T15:31:02","date_gmt":"2025-03-03T13:31:02","guid":{"rendered":"https:\/\/www.upc.edu\/cau\/blog\/?p=3088"},"modified":"2025-03-03T15:31:02","modified_gmt":"2025-03-03T13:31:02","slug":"histories-de-dones-historiques","status":"publish","type":"post","link":"https:\/\/www.upc.edu\/cau\/blog\/?p=3088","title":{"rendered":"Hist\u00f2ries de dones hist\u00f2riques"},"content":{"rendered":"\n<figure class=\"entry-thumbnail\"><img loading=\"lazy\" class=\"attachment-content-single size-content-single wp-post-image\" src=\"https:\/\/iac.cat\/wp-content\/uploads\/2025\/02\/destc-24_02_25-777x437.jpg\" sizes=\"(max-width: 777px) 100vw, 777px\" srcset=\"https:\/\/iac.cat\/wp-content\/uploads\/2025\/02\/destc-24_02_25-777x437.jpg 777w, https:\/\/iac.cat\/wp-content\/uploads\/2025\/02\/destc-24_02_25-300x169.jpg 300w, https:\/\/iac.cat\/wp-content\/uploads\/2025\/02\/destc-24_02_25-1024x576.jpg 1024w, https:\/\/iac.cat\/wp-content\/uploads\/2025\/02\/destc-24_02_25-768x432.jpg 768w, https:\/\/iac.cat\/wp-content\/uploads\/2025\/02\/destc-24_02_25-1536x864.jpg 1536w, https:\/\/iac.cat\/wp-content\/uploads\/2025\/02\/destc-24_02_25-260x146.jpg 260w, https:\/\/iac.cat\/wp-content\/uploads\/2025\/02\/destc-24_02_25-120x67.jpg 120w, https:\/\/iac.cat\/wp-content\/uploads\/2025\/02\/destc-24_02_25.jpg 1600w\" alt=\"\" width=\"777\" height=\"437\" \/><\/figure>\n<div class=\"entry-content mh-clearfix\">\n<p>Tal i com vam fer el 2023, des de la Secretaria de comunicaci\u00f3 de la IAC, durant la setmana anterior al 8 de mar\u00e7 d\u2019enguany, publicarem una s\u00e8rie de ressenyes de dones (o grups de dones) del segle XX que, sent segurament poc conegudes al nostre pa\u00eds, s\u00f3n d\u2019alguna manera d\u2019import\u00e0ncia hist\u00f2rica.<\/p>\n<p>Aquest conjunt de ressenyes te com a objectiu visibilitzar el tracte hist\u00f2ric diferencial que han rebut les dones, on s\u2019ha menystingut la seva import\u00e0ncia; mentre homes amb nivells semblants de protagonisme hist\u00f2ric son prou reconeguts, el coneixement medi\u00e0tic d\u2019aquest dones \u00e9s m\u00ednim.<\/p>\n<p>La selecci\u00f3 d\u2019aquest grup de dones \u00e9s totalment casual, no respon a cap criteri, a part de ser poc conegudes, al nostre pa\u00eds, i d\u2019haver pogut trobar aquesta informaci\u00f3 en diversos espais web, especialment, Viquip\u00e8dia.<\/p>\n<h3><a href=\"https:\/\/t.me\/SindicatIAC\"><img loading=\"lazy\" class=\"alignleft wp-image-6248\" src=\"https:\/\/iac.cat\/wp-content\/uploads\/2025\/02\/logoTELEgram.png\" sizes=\"(max-width: 50px) 100vw, 50px\" srcset=\"https:\/\/iac.cat\/wp-content\/uploads\/2025\/02\/logoTELEgram.png 200w, https:\/\/iac.cat\/wp-content\/uploads\/2025\/02\/logoTELEgram-150x150.png 150w\" alt=\"\" width=\"50\" height=\"50\" \/><\/a><br \/>Segueix-nos, tamb\u00e9, pel <a href=\"https:\/\/t.me\/SindicatIAC\">canal de Telegram<\/a>!<\/h3>\n<p><strong>Publicacions previstes:<\/strong><\/p>\n<ul>\n<li>\n<ul>\n<li>\n<ul>\n<li>\n<ul>\n<li>\n<ul>\n<li>27\/2\/25 Nachthexen, les bruixes de la nit<\/li>\n<li>28\/02\/25 Una Ventafocs amer\u00edndia: Malintzin<\/li>\n<li>3\/3\/25 \u201cLes Rescluses\u201d<\/li>\n<li>4\/3\/25 \u00a0Tilly, l\u2019aeron\u00e0utica motorista<\/li>\n<li>5\/3\/25 Agustina Saragossa i Dom\u00e8nech<\/li>\n<li>6\/3\/25 Marietta<\/li>\n<\/ul>\n<\/li>\n<\/ul>\n<\/li>\n<\/ul>\n<\/li>\n<\/ul>\n<\/li>\n<\/ul>\n<p>Font: https:\/\/iac.cat\/2025\/02\/24\/histories-de-dones-historiques-ii\/<\/p>\n<div class=\"content-thumb content-list-thumb\"><a title=\"Nachthexen, les bruixes de la nit\" href=\"https:\/\/iac.cat\/2025\/02\/27\/nachthexen-les-bruixes-de-la-nit\/\"><img loading=\"lazy\" class=\"attachment-content-list size-content-list wp-post-image\" src=\"https:\/\/iac.cat\/wp-content\/uploads\/2025\/02\/destc27_3_25-260x146.png\" sizes=\"auto, (max-width: 260px) 100vw, 260px\" srcset=\"https:\/\/iac.cat\/wp-content\/uploads\/2025\/02\/destc27_3_25-260x146.png 260w, https:\/\/iac.cat\/wp-content\/uploads\/2025\/02\/destc27_3_25-300x169.png 300w, https:\/\/iac.cat\/wp-content\/uploads\/2025\/02\/destc27_3_25-768x432.png 768w, https:\/\/iac.cat\/wp-content\/uploads\/2025\/02\/destc27_3_25-777x437.png 777w, https:\/\/iac.cat\/wp-content\/uploads\/2025\/02\/destc27_3_25-120x67.png 120w, https:\/\/iac.cat\/wp-content\/uploads\/2025\/02\/destc27_3_25.png 800w\" alt=\"\" width=\"260\" height=\"146\" \/><\/a><\/div>\n<header class=\"content-list-header\">\n<h3 class=\"content-list-title\"><a title=\"Nachthexen, les bruixes de la nit\" href=\"https:\/\/iac.cat\/2025\/02\/27\/nachthexen-les-bruixes-de-la-nit\/\" rel=\"bookmark\">Nachthexen, les bruixes de la nit<\/a><\/h3>\n<\/header>\n<div class=\"content-list-excerpt\">\n<p>Eren molt joves, de 17 a 23 anys. Al principi els homes se\u2019n reien de nosaltres, Irina Rakob\u00f3lskaia (matem\u00e0tica, f\u00edsica i pilot de combat). Iniciada el 1941 l\u2019operaci\u00f3 Barba-roja, l\u2019invasi\u00f3 de la uni\u00f3 sovi\u00e8tica per\u2026\u00a0\u00a0\u00a0<\/p>\n<p><blockquote class=\"wp-embedded-content\" data-secret=\"ZjlE2Sqx2X\"><a href=\"https:\/\/iac.cat\/2025\/02\/27\/nachthexen-les-bruixes-de-la-nit\/\">Nachthexen, les bruixes de la nit<\/a><\/blockquote><iframe class=\"wp-embedded-content\" sandbox=\"allow-scripts\" security=\"restricted\" style=\"position: absolute; clip: rect(1px, 1px, 1px, 1px);\" title=\"&#8220;Nachthexen, les bruixes de la nit&#8221; &#8212; Intersindical Alternativa de Catalunya\" src=\"https:\/\/iac.cat\/2025\/02\/27\/nachthexen-les-bruixes-de-la-nit\/embed\/#?secret=MdBjwVBNQc#?secret=ZjlE2Sqx2X\" data-secret=\"ZjlE2Sqx2X\" width=\"600\" height=\"338\" frameborder=\"0\" marginwidth=\"0\" marginheight=\"0\" scrolling=\"no\"><\/iframe><\/p>\n<hr \/>\n<div class=\"content-thumb content-lead-thumb\"><a title=\"Les \u201crescluses\u201d\" href=\"https:\/\/iac.cat\/2025\/03\/03\/les-rescluses\/\"><img loading=\"lazy\" class=\"attachment-content-single size-content-single wp-post-image\" src=\"https:\/\/iac.cat\/wp-content\/uploads\/2025\/02\/destc_3_3_25-777x437.jpg\" sizes=\"(max-width: 777px) 100vw, 777px\" srcset=\"https:\/\/iac.cat\/wp-content\/uploads\/2025\/02\/destc_3_3_25-777x437.jpg 777w, https:\/\/iac.cat\/wp-content\/uploads\/2025\/02\/destc_3_3_25-300x169.jpg 300w, https:\/\/iac.cat\/wp-content\/uploads\/2025\/02\/destc_3_3_25-768x432.jpg 768w, https:\/\/iac.cat\/wp-content\/uploads\/2025\/02\/destc_3_3_25-260x146.jpg 260w, https:\/\/iac.cat\/wp-content\/uploads\/2025\/02\/destc_3_3_25-120x67.jpg 120w, https:\/\/iac.cat\/wp-content\/uploads\/2025\/02\/destc_3_3_25.jpg 800w\" alt=\"\" width=\"777\" height=\"437\" \/><\/a><\/div>\n<h3 class=\"content-lead-title\"><a title=\"Les \u201crescluses\u201d\" href=\"https:\/\/iac.cat\/2025\/03\/03\/les-rescluses\/\" rel=\"bookmark\">Les \u201crescluses\u201d<\/a><\/h3>\n<div class=\"content-lead-excerpt\">\n<p>Resclusatge, beguinatge o beateri son noms que designen els espais que habitaven les dones membres del moviment de les beguines, iniciat a principis del passat mil\u00b7lenni, i que es va anar dissolent el segle XIV\u2026\u00a0\u00a0\u00a0 https:\/\/iac.cat\/2025\/03\/03\/les-rescluses\/<\/p>\n<p>\u00a0<\/p>\n<\/div>\n<\/div>\n<\/div>\n<p>\u00a0<\/p>\n","protected":false},"excerpt":{"rendered":"<p>Tal i com vam fer el 2023, des de la Secretaria de comunicaci\u00f3 de la IAC, durant la setmana anterior al 8 de mar\u00e7 d\u2019enguany, publicarem una s\u00e8rie de ressenyes de dones (o grups de dones) del segle XX que, sent segurament poc conegudes al nostre pa\u00eds, s\u00f3n d\u2019alguna manera d\u2019import\u00e0ncia hist\u00f2rica. Aquest conjunt de [&hellip;]<\/p>\n","protected":false},"author":5,"featured_media":0,"comment_status":"closed","ping_status":"open","sticky":false,"template":"","format":"standard","meta":{"_s2mail":""},"categories":[24,19],"tags":[],"_links":{"self":[{"href":"https:\/\/www.upc.edu\/cau\/blog\/index.php?rest_route=\/wp\/v2\/posts\/3088"}],"collection":[{"href":"https:\/\/www.upc.edu\/cau\/blog\/index.php?rest_route=\/wp\/v2\/posts"}],"about":[{"href":"https:\/\/www.upc.edu\/cau\/blog\/index.php?rest_route=\/wp\/v2\/types\/post"}],"author":[{"embeddable":true,"href":"https:\/\/www.upc.edu\/cau\/blog\/index.php?rest_route=\/wp\/v2\/users\/5"}],"replies":[{"embeddable":true,"href":"https:\/\/www.upc.edu\/cau\/blog\/index.php?rest_route=%2Fwp%2Fv2%2Fcomments&post=3088"}],"version-history":[{"count":1,"href":"https:\/\/www.upc.edu\/cau\/blog\/index.php?rest_route=\/wp\/v2\/posts\/3088\/revisions"}],"predecessor-version":[{"id":3089,"href":"https:\/\/www.upc.edu\/cau\/blog\/index.php?rest_route=\/wp\/v2\/posts\/3088\/revisions\/3089"}],"wp:attachment":[{"href":"https:\/\/www.upc.edu\/cau\/blog\/index.php?rest_route=%2Fwp%2Fv2%2Fmedia&parent=3088"}],"wp:term":[{"taxonomy":"category","embeddable":true,"href":"https:\/\/www.upc.edu\/cau\/blog\/index.php?rest_route=%2Fwp%2Fv2%2Fcategories&post=3088"},{"taxonomy":"post_tag","embeddable":true,"href":"https:\/\/www.upc.edu\/cau\/blog\/index.php?rest_route=%2Fwp%2Fv2%2Ftags&post=3088"}],"curies":[{"name":"wp","href":"https:\/\/api.w.org\/{rel}","templated":true}]}}